{"id":12575,"date":"2022-01-08T10:27:00","date_gmt":"2022-01-08T09:27:00","guid":{"rendered":"https:\/\/ht-ost.com\/paeckchen-fuer-die-2-generation\/"},"modified":"2022-01-08T20:17:01","modified_gmt":"2022-01-08T19:17:01","slug":"paeckchen-fuer-die-2-generation","status":"publish","type":"post","link":"https:\/\/ht-ost.com\/ch\/paeckchen-fuer-die-2-generation\/","title":{"rendered":"P\u00e4ckchen f\u00fcr die 2. Generation"},"content":{"rendered":"\t\t<div data-elementor-type=\"wp-post\" data-elementor-id=\"12575\" class=\"elementor elementor-12575 elementor-12475\">\n\t\t\t\t\t\t<section class=\"elementor-section elementor-top-section elementor-element elementor-element-6a36660 elementor-section-boxed elementor-section-height-default elementor-section-height-default\" data-id=\"6a36660\" data-element_type=\"section\" data-e-type=\"section\">\n\t\t\t\t\t\t<div class=\"elementor-container elementor-column-gap-no\">\n\t\t\t\t\t<div class=\"elementor-column elementor-col-100 elementor-top-column elementor-element elementor-element-2bf2fe8\" data-id=\"2bf2fe8\" data-element_type=\"column\" data-e-type=\"column\">\n\t\t\t<div class=\"elementor-widget-wrap elementor-element-populated\">\n\t\t\t\t\t\t<div class=\"elementor-element elementor-element-4de30ad elementor-widget elementor-widget-text-editor\" data-id=\"4de30ad\" data-element_type=\"widget\" data-e-type=\"widget\" data-widget_type=\"text-editor.default\">\n\t\t\t\t<div class=\"elementor-widget-container\">\n\t\t\t\t\t\t\t\t\t<p>Heute wollen wir euch von der Gemeinde in Zazuleni berichten. In diesem kleinen Dorf sind wir schon seit vielen Jahren aktiv. Die meisten Kinder, die hier ihre Weihnachtsp\u00e4ckchen bekommen sind bereits in unserem Patenprojekt und haben dadurch schon einen guten Kontakt zur Gemeinde.<\/p>\n\t\t\t\t\t\t\t\t<\/div>\n\t\t\t\t<\/div>\n\t\t\t\t<div class=\"elementor-element elementor-element-fb0e043 uael-img-grid__column-1 uael-img-grid-mobile__column-1 uael-img-grid-tablet__column-3 uael-ins-normal elementor-widget elementor-widget-uael-image-gallery\" data-id=\"fb0e043\" data-element_type=\"widget\" data-e-type=\"widget\" data-settings=\"{&quot;gallery_columns&quot;:&quot;1&quot;,&quot;gallery_columns_mobile&quot;:&quot;1&quot;,&quot;gallery_columns_tablet&quot;:&quot;3&quot;,&quot;column_gap&quot;:{&quot;unit&quot;:&quot;px&quot;,&quot;size&quot;:20,&quot;sizes&quot;:[]},&quot;column_gap_tablet&quot;:{&quot;unit&quot;:&quot;px&quot;,&quot;size&quot;:&quot;&quot;,&quot;sizes&quot;:[]},&quot;column_gap_mobile&quot;:{&quot;unit&quot;:&quot;px&quot;,&quot;size&quot;:&quot;&quot;,&quot;sizes&quot;:[]},&quot;row_gap&quot;:{&quot;unit&quot;:&quot;px&quot;,&quot;size&quot;:20,&quot;sizes&quot;:[]},&quot;row_gap_tablet&quot;:{&quot;unit&quot;:&quot;px&quot;,&quot;size&quot;:&quot;&quot;,&quot;sizes&quot;:[]},&quot;row_gap_mobile&quot;:{&quot;unit&quot;:&quot;px&quot;,&quot;size&quot;:&quot;&quot;,&quot;sizes&quot;:[]},&quot;images_valign&quot;:&quot;flex-start&quot;}\" data-widget_type=\"uael-image-gallery.default\">\n\t\t\t\t<div class=\"elementor-widget-container\">\n\t\t\t\t\t<div class=\"uael-gallery-parent uael-caption- uael-gallery-unjustified\"><div class=\"uael-img-gallery-wrap uael-img-grid-wrap uael-img-grid-masonry-wrap\" data-filter-default=\"All\"><div class=\"uael-grid-item  uael-img-gallery-item-1\"><div class=\"uael-grid-item-content\"><figure class=\"uael-grid-img uael-grid-gallery-img uael-ins-hover elementor-clickable\"><div class=\"uael-grid-img-thumbnail uael-ins-target\"><img fetchpriority=\"high\" decoding=\"async\" width=\"1500\" height=\"772\" src=\"https:\/\/ht-ost.com\/wp-content\/uploads\/2022\/01\/2022-01-08-Weihnachtsfest-Zazuleni-und-Valea-Mare-82_web-e1641666733392.jpg\" class=\"attachment-1536x1536 size-1536x1536 wp-image-12527\" alt=\"\" srcset=\"https:\/\/ht-ost.com\/wp-content\/uploads\/2022\/01\/2022-01-08-Weihnachtsfest-Zazuleni-und-Valea-Mare-82_web-e1641666733392.jpg 1500w, https:\/\/ht-ost.com\/wp-content\/uploads\/2022\/01\/2022-01-08-Weihnachtsfest-Zazuleni-und-Valea-Mare-82_web-e1641666733392-300x154.jpg 300w, https:\/\/ht-ost.com\/wp-content\/uploads\/2022\/01\/2022-01-08-Weihnachtsfest-Zazuleni-und-Valea-Mare-82_web-e1641666733392-1024x527.jpg 1024w, https:\/\/ht-ost.com\/wp-content\/uploads\/2022\/01\/2022-01-08-Weihnachtsfest-Zazuleni-und-Valea-Mare-82_web-e1641666733392-768x395.jpg 768w\" sizes=\"(max-width: 1500px) 100vw, 1500px\" \/><\/div><div class=\"uael-grid-img-overlay\"><\/div><\/figure><\/div><\/div><\/div><\/div>\t\t\t\t<\/div>\n\t\t\t\t<\/div>\n\t\t\t\t<div class=\"elementor-element elementor-element-67ec1eb elementor-widget elementor-widget-text-editor\" data-id=\"67ec1eb\" data-element_type=\"widget\" data-e-type=\"widget\" data-widget_type=\"text-editor.default\">\n\t\t\t\t<div class=\"elementor-widget-container\">\n\t\t\t\t\t\t\t\t\t<p>Ich war sehr froh, die beiden jungen Frauen mit ihren Kindern in der Gemeinde zu treffen. Die beiden waren fr\u00fcher n\u00e4mlich selbst Patenkinder bei uns. Damals sind sie durch wirklich schlimme Zeiten gegangen und haben durch die Gemeinde materielle und seelsorgerliche Hilfe erhalten. Als sie selbst eine Familie gr\u00fcndeten, erinnerten sich die beiden an die Gemeinde und besuchen sie nun auch mit ihren Kindern. So k\u00f6nnen wir sehen, dass unsere Arbeit auch \u00fcber Generationen hinweg Fr\u00fcchte tr\u00e4gt.<\/p>\n\t\t\t\t\t\t\t\t<\/div>\n\t\t\t\t<\/div>\n\t\t\t\t<div class=\"elementor-element elementor-element-441f350 uael-img-grid__column-2 uael-img-grid-mobile__column-1 uael-img-grid-tablet__column-3 uael-ins-normal elementor-widget elementor-widget-uael-image-gallery\" data-id=\"441f350\" data-element_type=\"widget\" data-e-type=\"widget\" data-settings=\"{&quot;gallery_columns&quot;:&quot;2&quot;,&quot;gallery_columns_mobile&quot;:&quot;1&quot;,&quot;gallery_columns_tablet&quot;:&quot;3&quot;,&quot;column_gap&quot;:{&quot;unit&quot;:&quot;px&quot;,&quot;size&quot;:20,&quot;sizes&quot;:[]},&quot;column_gap_tablet&quot;:{&quot;unit&quot;:&quot;px&quot;,&quot;size&quot;:&quot;&quot;,&quot;sizes&quot;:[]},&quot;column_gap_mobile&quot;:{&quot;unit&quot;:&quot;px&quot;,&quot;size&quot;:&quot;&quot;,&quot;sizes&quot;:[]},&quot;row_gap&quot;:{&quot;unit&quot;:&quot;px&quot;,&quot;size&quot;:20,&quot;sizes&quot;:[]},&quot;row_gap_tablet&quot;:{&quot;unit&quot;:&quot;px&quot;,&quot;size&quot;:&quot;&quot;,&quot;sizes&quot;:[]},&quot;row_gap_mobile&quot;:{&quot;unit&quot;:&quot;px&quot;,&quot;size&quot;:&quot;&quot;,&quot;sizes&quot;:[]},&quot;images_valign&quot;:&quot;flex-start&quot;}\" data-widget_type=\"uael-image-gallery.default\">\n\t\t\t\t<div class=\"elementor-widget-container\">\n\t\t\t\t\t<div class=\"uael-gallery-parent uael-caption- uael-gallery-unjustified\"><div class=\"uael-img-gallery-wrap uael-img-grid-wrap uael-img-grid-masonry-wrap\" data-filter-default=\"All\"><div class=\"uael-grid-item  uael-img-gallery-item-1\"><div class=\"uael-grid-item-content\"><figure class=\"uael-grid-img uael-grid-gallery-img uael-ins-hover elementor-clickable\"><div class=\"uael-grid-img-thumbnail uael-ins-target\"><img decoding=\"async\" width=\"1024\" height=\"683\" src=\"https:\/\/ht-ost.com\/wp-content\/uploads\/2022\/01\/2022-01-08-Weihnachtsfest-Zazuleni-und-Valea-Mare-16_web-1024x683.jpg\" class=\"attachment-large size-large wp-image-12482\" alt=\"\" srcset=\"https:\/\/ht-ost.com\/wp-content\/uploads\/2022\/01\/2022-01-08-Weihnachtsfest-Zazuleni-und-Valea-Mare-16_web-1024x683.jpg 1024w, https:\/\/ht-ost.com\/wp-content\/uploads\/2022\/01\/2022-01-08-Weihnachtsfest-Zazuleni-und-Valea-Mare-16_web-300x200.jpg 300w, https:\/\/ht-ost.com\/wp-content\/uploads\/2022\/01\/2022-01-08-Weihnachtsfest-Zazuleni-und-Valea-Mare-16_web-768x512.jpg 768w, https:\/\/ht-ost.com\/wp-content\/uploads\/2022\/01\/2022-01-08-Weihnachtsfest-Zazuleni-und-Valea-Mare-16_web.jpg 1500w\" sizes=\"(max-width: 1024px) 100vw, 1024px\" \/><\/div><div class=\"uael-grid-img-overlay\"><\/div><\/figure><\/div><\/div><div class=\"uael-grid-item  uael-img-gallery-item-2\"><div class=\"uael-grid-item-content\"><figure class=\"uael-grid-img uael-grid-gallery-img uael-ins-hover elementor-clickable\"><div class=\"uael-grid-img-thumbnail uael-ins-target\"><img decoding=\"async\" width=\"1024\" height=\"683\" src=\"https:\/\/ht-ost.com\/wp-content\/uploads\/2022\/01\/2022-01-08-Weihnachtsfest-Zazuleni-und-Valea-Mare-58_web-1024x683.jpg\" class=\"attachment-large size-large wp-image-12507\" alt=\"\" srcset=\"https:\/\/ht-ost.com\/wp-content\/uploads\/2022\/01\/2022-01-08-Weihnachtsfest-Zazuleni-und-Valea-Mare-58_web-1024x683.jpg 1024w, https:\/\/ht-ost.com\/wp-content\/uploads\/2022\/01\/2022-01-08-Weihnachtsfest-Zazuleni-und-Valea-Mare-58_web-300x200.jpg 300w, https:\/\/ht-ost.com\/wp-content\/uploads\/2022\/01\/2022-01-08-Weihnachtsfest-Zazuleni-und-Valea-Mare-58_web-768x512.jpg 768w, https:\/\/ht-ost.com\/wp-content\/uploads\/2022\/01\/2022-01-08-Weihnachtsfest-Zazuleni-und-Valea-Mare-58_web.jpg 1500w\" sizes=\"(max-width: 1024px) 100vw, 1024px\" \/><\/div><div class=\"uael-grid-img-overlay\"><\/div><\/figure><\/div><\/div><div class=\"uael-grid-item  uael-img-gallery-item-3\"><div class=\"uael-grid-item-content\"><figure class=\"uael-grid-img uael-grid-gallery-img uael-ins-hover elementor-clickable\"><div class=\"uael-grid-img-thumbnail uael-ins-target\"><img loading=\"lazy\" decoding=\"async\" width=\"1024\" height=\"683\" src=\"https:\/\/ht-ost.com\/wp-content\/uploads\/2022\/01\/2022-01-08-Weihnachtsfest-Zazuleni-und-Valea-Mare-21_web-1024x683.jpg\" class=\"attachment-large size-large wp-image-12487\" alt=\"\" srcset=\"https:\/\/ht-ost.com\/wp-content\/uploads\/2022\/01\/2022-01-08-Weihnachtsfest-Zazuleni-und-Valea-Mare-21_web-1024x683.jpg 1024w, https:\/\/ht-ost.com\/wp-content\/uploads\/2022\/01\/2022-01-08-Weihnachtsfest-Zazuleni-und-Valea-Mare-21_web-300x200.jpg 300w, https:\/\/ht-ost.com\/wp-content\/uploads\/2022\/01\/2022-01-08-Weihnachtsfest-Zazuleni-und-Valea-Mare-21_web-768x512.jpg 768w, https:\/\/ht-ost.com\/wp-content\/uploads\/2022\/01\/2022-01-08-Weihnachtsfest-Zazuleni-und-Valea-Mare-21_web.jpg 1500w\" sizes=\"(max-width: 1024px) 100vw, 1024px\" \/><\/div><div class=\"uael-grid-img-overlay\"><\/div><\/figure><\/div><\/div><div class=\"uael-grid-item  uael-img-gallery-item-4\"><div class=\"uael-grid-item-content\"><figure class=\"uael-grid-img uael-grid-gallery-img uael-ins-hover elementor-clickable\"><div class=\"uael-grid-img-thumbnail uael-ins-target\"><img loading=\"lazy\" decoding=\"async\" width=\"1024\" height=\"683\" src=\"https:\/\/ht-ost.com\/wp-content\/uploads\/2022\/01\/2022-01-08-Weihnachtsfest-Zazuleni-und-Valea-Mare-35_web-1024x683.jpg\" class=\"attachment-large size-large wp-image-12492\" alt=\"\" srcset=\"https:\/\/ht-ost.com\/wp-content\/uploads\/2022\/01\/2022-01-08-Weihnachtsfest-Zazuleni-und-Valea-Mare-35_web-1024x683.jpg 1024w, https:\/\/ht-ost.com\/wp-content\/uploads\/2022\/01\/2022-01-08-Weihnachtsfest-Zazuleni-und-Valea-Mare-35_web-300x200.jpg 300w, https:\/\/ht-ost.com\/wp-content\/uploads\/2022\/01\/2022-01-08-Weihnachtsfest-Zazuleni-und-Valea-Mare-35_web-768x512.jpg 768w, https:\/\/ht-ost.com\/wp-content\/uploads\/2022\/01\/2022-01-08-Weihnachtsfest-Zazuleni-und-Valea-Mare-35_web.jpg 1500w\" sizes=\"(max-width: 1024px) 100vw, 1024px\" \/><\/div><div class=\"uael-grid-img-overlay\"><\/div><\/figure><\/div><\/div><\/div><\/div>\t\t\t\t<\/div>\n\t\t\t\t<\/div>\n\t\t\t\t<div class=\"elementor-element elementor-element-9c92f29 elementor-widget elementor-widget-text-editor\" data-id=\"9c92f29\" data-element_type=\"widget\" data-e-type=\"widget\" data-widget_type=\"text-editor.default\">\n\t\t\t\t<div class=\"elementor-widget-container\">\n\t\t\t\t\t\t\t\t\t<p>Vielleicht ist euch aufgefallen, dass die meisten Besucher von unseren Veranstaltungen trotz ihrer Armut ordentlich gekleidet sind. F\u00fcr sie ist dieser Tag ein ganz besonderes Highlight, zu dem sie das Allerbeste anziehen, was sie besitzen. Doch der \u00e4usserliche Schein tr\u00fcgt: die meisten Familien leben am Existenzminimum, was sie aber verst\u00e4ndlicherweise nicht gern nach aussen tragen. Wir glauben und hoffen, dass wir durch unsere verschiedenen Aktionen ein wenig Licht und Zuversicht in ihr Leben bringen k\u00f6nnen.<\/p>\n<p><em>Eduard Edu<\/em><\/p>\n\t\t\t\t\t\t\t\t<\/div>\n\t\t\t\t<\/div>\n\t\t\t\t<div class=\"elementor-element elementor-element-5a920ef uael-img-grid__column-2 uael-img-grid-mobile__column-1 uael-img-grid-tablet__column-3 uael-ins-normal elementor-widget elementor-widget-uael-image-gallery\" data-id=\"5a920ef\" data-element_type=\"widget\" data-e-type=\"widget\" data-settings=\"{&quot;gallery_columns&quot;:&quot;2&quot;,&quot;gallery_columns_mobile&quot;:&quot;1&quot;,&quot;gallery_columns_tablet&quot;:&quot;3&quot;,&quot;column_gap&quot;:{&quot;unit&quot;:&quot;px&quot;,&quot;size&quot;:20,&quot;sizes&quot;:[]},&quot;column_gap_tablet&quot;:{&quot;unit&quot;:&quot;px&quot;,&quot;size&quot;:&quot;&quot;,&quot;sizes&quot;:[]},&quot;column_gap_mobile&quot;:{&quot;unit&quot;:&quot;px&quot;,&quot;size&quot;:&quot;&quot;,&quot;sizes&quot;:[]},&quot;row_gap&quot;:{&quot;unit&quot;:&quot;px&quot;,&quot;size&quot;:20,&quot;sizes&quot;:[]},&quot;row_gap_tablet&quot;:{&quot;unit&quot;:&quot;px&quot;,&quot;size&quot;:&quot;&quot;,&quot;sizes&quot;:[]},&quot;row_gap_mobile&quot;:{&quot;unit&quot;:&quot;px&quot;,&quot;size&quot;:&quot;&quot;,&quot;sizes&quot;:[]}}\" data-widget_type=\"uael-image-gallery.default\">\n\t\t\t\t<div class=\"elementor-widget-container\">\n\t\t\t\t\t<div class=\"uael-gallery-parent uael-caption- uael-gallery-unjustified\"><div class=\"uael-img-gallery-wrap uael-img-masonry-wrap uael-img-grid-masonry-wrap uael-masonry\" data-filter-default=\"All\"><div class=\"uael-grid-item  uael-img-gallery-item-1\"><div class=\"uael-grid-item-content\"><figure class=\"uael-grid-img uael-grid-gallery-img uael-ins-hover elementor-clickable\"><div class=\"uael-grid-img-thumbnail uael-ins-target\"><img loading=\"lazy\" decoding=\"async\" width=\"1000\" height=\"1500\" src=\"https:\/\/ht-ost.com\/wp-content\/uploads\/2022\/01\/2022-01-08-Weihnachtsfest-Zazuleni-und-Valea-Mare-83_web.jpg\" class=\"attachment-1536x1536 size-1536x1536 wp-image-12532\" alt=\"\" srcset=\"https:\/\/ht-ost.com\/wp-content\/uploads\/2022\/01\/2022-01-08-Weihnachtsfest-Zazuleni-und-Valea-Mare-83_web.jpg 1000w, https:\/\/ht-ost.com\/wp-content\/uploads\/2022\/01\/2022-01-08-Weihnachtsfest-Zazuleni-und-Valea-Mare-83_web-200x300.jpg 200w, https:\/\/ht-ost.com\/wp-content\/uploads\/2022\/01\/2022-01-08-Weihnachtsfest-Zazuleni-und-Valea-Mare-83_web-683x1024.jpg 683w, https:\/\/ht-ost.com\/wp-content\/uploads\/2022\/01\/2022-01-08-Weihnachtsfest-Zazuleni-und-Valea-Mare-83_web-768x1152.jpg 768w\" sizes=\"(max-width: 1000px) 100vw, 1000px\" \/><\/div><div class=\"uael-grid-img-overlay\"><\/div><\/figure><\/div><\/div><div class=\"uael-grid-item  uael-img-gallery-item-2\"><div class=\"uael-grid-item-content\"><figure class=\"uael-grid-img uael-grid-gallery-img uael-ins-hover elementor-clickable\"><div class=\"uael-grid-img-thumbnail uael-ins-target\"><img loading=\"lazy\" decoding=\"async\" width=\"1500\" height=\"1000\" src=\"https:\/\/ht-ost.com\/wp-content\/uploads\/2022\/01\/2022-01-08-Weihnachtsfest-Zazuleni-und-Valea-Mare-79_web.jpg\" class=\"attachment-1536x1536 size-1536x1536 wp-image-12522\" alt=\"\" srcset=\"https:\/\/ht-ost.com\/wp-content\/uploads\/2022\/01\/2022-01-08-Weihnachtsfest-Zazuleni-und-Valea-Mare-79_web.jpg 1500w, https:\/\/ht-ost.com\/wp-content\/uploads\/2022\/01\/2022-01-08-Weihnachtsfest-Zazuleni-und-Valea-Mare-79_web-300x200.jpg 300w, https:\/\/ht-ost.com\/wp-content\/uploads\/2022\/01\/2022-01-08-Weihnachtsfest-Zazuleni-und-Valea-Mare-79_web-1024x683.jpg 1024w, https:\/\/ht-ost.com\/wp-content\/uploads\/2022\/01\/2022-01-08-Weihnachtsfest-Zazuleni-und-Valea-Mare-79_web-768x512.jpg 768w\" sizes=\"(max-width: 1500px) 100vw, 1500px\" \/><\/div><div class=\"uael-grid-img-overlay\"><\/div><\/figure><\/div><\/div><div class=\"uael-grid-item  uael-img-gallery-item-3\"><div class=\"uael-grid-item-content\"><figure class=\"uael-grid-img uael-grid-gallery-img uael-ins-hover elementor-clickable\"><div class=\"uael-grid-img-thumbnail uael-ins-target\"><img loading=\"lazy\" decoding=\"async\" width=\"1000\" height=\"1500\" src=\"https:\/\/ht-ost.com\/wp-content\/uploads\/2022\/01\/2022-01-08-Weihnachtsfest-Zazuleni-und-Valea-Mare-51_web.jpg\" class=\"attachment-1536x1536 size-1536x1536 wp-image-12502\" alt=\"\" srcset=\"https:\/\/ht-ost.com\/wp-content\/uploads\/2022\/01\/2022-01-08-Weihnachtsfest-Zazuleni-und-Valea-Mare-51_web.jpg 1000w, https:\/\/ht-ost.com\/wp-content\/uploads\/2022\/01\/2022-01-08-Weihnachtsfest-Zazuleni-und-Valea-Mare-51_web-200x300.jpg 200w, https:\/\/ht-ost.com\/wp-content\/uploads\/2022\/01\/2022-01-08-Weihnachtsfest-Zazuleni-und-Valea-Mare-51_web-683x1024.jpg 683w, https:\/\/ht-ost.com\/wp-content\/uploads\/2022\/01\/2022-01-08-Weihnachtsfest-Zazuleni-und-Valea-Mare-51_web-768x1152.jpg 768w\" sizes=\"(max-width: 1000px) 100vw, 1000px\" \/><\/div><div class=\"uael-grid-img-overlay\"><\/div><\/figure><\/div><\/div><div class=\"uael-grid-item  uael-img-gallery-item-4\"><div class=\"uael-grid-item-content\"><figure class=\"uael-grid-img uael-grid-gallery-img uael-ins-hover elementor-clickable\"><div class=\"uael-grid-img-thumbnail uael-ins-target\"><img loading=\"lazy\" decoding=\"async\" width=\"1500\" height=\"1000\" src=\"https:\/\/ht-ost.com\/wp-content\/uploads\/2022\/01\/2022-01-08-Weihnachtsfest-Zazuleni-und-Valea-Mare-48_web.jpg\" class=\"attachment-1536x1536 size-1536x1536 wp-image-12497\" alt=\"\" srcset=\"https:\/\/ht-ost.com\/wp-content\/uploads\/2022\/01\/2022-01-08-Weihnachtsfest-Zazuleni-und-Valea-Mare-48_web.jpg 1500w, https:\/\/ht-ost.com\/wp-content\/uploads\/2022\/01\/2022-01-08-Weihnachtsfest-Zazuleni-und-Valea-Mare-48_web-300x200.jpg 300w, https:\/\/ht-ost.com\/wp-content\/uploads\/2022\/01\/2022-01-08-Weihnachtsfest-Zazuleni-und-Valea-Mare-48_web-1024x683.jpg 1024w, https:\/\/ht-ost.com\/wp-content\/uploads\/2022\/01\/2022-01-08-Weihnachtsfest-Zazuleni-und-Valea-Mare-48_web-768x512.jpg 768w\" sizes=\"(max-width: 1500px) 100vw, 1500px\" \/><\/div><div class=\"uael-grid-img-overlay\"><\/div><\/figure><\/div><\/div><div class=\"uael-grid-item  uael-img-gallery-item-5\"><div class=\"uael-grid-item-content\"><figure class=\"uael-grid-img uael-grid-gallery-img uael-ins-hover elementor-clickable\"><div class=\"uael-grid-img-thumbnail uael-ins-target\"><img loading=\"lazy\" decoding=\"async\" width=\"1500\" height=\"1000\" src=\"https:\/\/ht-ost.com\/wp-content\/uploads\/2022\/01\/2022-01-08-Weihnachtsfest-Zazuleni-und-Valea-Mare-69_web.jpg\" class=\"attachment-1536x1536 size-1536x1536 wp-image-12517\" alt=\"\" srcset=\"https:\/\/ht-ost.com\/wp-content\/uploads\/2022\/01\/2022-01-08-Weihnachtsfest-Zazuleni-und-Valea-Mare-69_web.jpg 1500w, https:\/\/ht-ost.com\/wp-content\/uploads\/2022\/01\/2022-01-08-Weihnachtsfest-Zazuleni-und-Valea-Mare-69_web-300x200.jpg 300w, https:\/\/ht-ost.com\/wp-content\/uploads\/2022\/01\/2022-01-08-Weihnachtsfest-Zazuleni-und-Valea-Mare-69_web-1024x683.jpg 1024w, https:\/\/ht-ost.com\/wp-content\/uploads\/2022\/01\/2022-01-08-Weihnachtsfest-Zazuleni-und-Valea-Mare-69_web-768x512.jpg 768w\" sizes=\"(max-width: 1500px) 100vw, 1500px\" \/><\/div><div class=\"uael-grid-img-overlay\"><\/div><\/figure><\/div><\/div><div class=\"uael-grid-item  uael-img-gallery-item-6\"><div class=\"uael-grid-item-content\"><figure class=\"uael-grid-img uael-grid-gallery-img uael-ins-hover elementor-clickable\"><div class=\"uael-grid-img-thumbnail uael-ins-target\"><img loading=\"lazy\" decoding=\"async\" width=\"1500\" height=\"1000\" src=\"https:\/\/ht-ost.com\/wp-content\/uploads\/2022\/01\/2022-01-08-Weihnachtsfest-Zazuleni-und-Valea-Mare-61_web.jpg\" class=\"attachment-1536x1536 size-1536x1536 wp-image-12512\" alt=\"\" srcset=\"https:\/\/ht-ost.com\/wp-content\/uploads\/2022\/01\/2022-01-08-Weihnachtsfest-Zazuleni-und-Valea-Mare-61_web.jpg 1500w, https:\/\/ht-ost.com\/wp-content\/uploads\/2022\/01\/2022-01-08-Weihnachtsfest-Zazuleni-und-Valea-Mare-61_web-300x200.jpg 300w, https:\/\/ht-ost.com\/wp-content\/uploads\/2022\/01\/2022-01-08-Weihnachtsfest-Zazuleni-und-Valea-Mare-61_web-1024x683.jpg 1024w, https:\/\/ht-ost.com\/wp-content\/uploads\/2022\/01\/2022-01-08-Weihnachtsfest-Zazuleni-und-Valea-Mare-61_web-768x512.jpg 768w\" sizes=\"(max-width: 1500px) 100vw, 1500px\" \/><\/div><div class=\"uael-grid-img-overlay\"><\/div><\/figure><\/div><\/div><\/div><\/div>\t\t\t\t<\/div>\n\t\t\t\t<\/div>\n\t\t\t\t\t<\/div>\n\t\t<\/div>\n\t\t\t\t\t<\/div>\n\t\t<\/section>\n\t\t\t\t<\/div>\n\t\t","protected":false},"excerpt":{"rendered":"<p>Heute wollen wir euch von der Gemeinde in Zazuleni berichten. In diesem kleinen Dorf sind wir schon seit vielen Jahren aktiv. Die meisten Kinder, die hier ihre Weihnachtsp\u00e4ckchen bekommen sind bereits in unserem Patenprojekt und haben dadurch schon einen guten [&hellip;]<\/p>\n","protected":false},"author":1,"featured_media":12570,"comment_status":"closed","ping_status":"closed","sticky":false,"template":"","format":"standard","meta":{"site-sidebar-layout":"default","site-content-layout":"","ast-site-content-layout":"default","site-content-style":"default","site-sidebar-style":"default","ast-global-header-display":"","ast-banner-title-visibility":"","ast-main-header-display":"","ast-hfb-above-header-display":"","ast-hfb-below-header-display":"","ast-hfb-mobile-header-display":"","site-post-title":"","ast-breadcrumbs-content":"","ast-featured-img":"","footer-sml-layout":"","ast-disable-related-posts":"","theme-transparent-header-meta":"disabled","adv-header-id-meta":"","stick-header-meta":"","header-above-stick-meta":"","header-main-stick-meta":"","header-below-stick-meta":"","astra-migrate-meta-layouts":"default","ast-page-background-enabled":"default","ast-page-background-meta":{"desktop":{"background-color":"","background-image":"","background-repeat":"repeat","background-position":"center center","background-size":"auto","background-attachment":"scroll","background-type":"","background-media":"","overlay-type":"","overlay-color":"","overlay-opacity":"","overlay-gradient":""},"tablet":{"background-color":"","background-image":"","background-repeat":"repeat","background-position":"center center","background-size":"auto","background-attachment":"scroll","background-type":"","background-media":"","overlay-type":"","overlay-color":"","overlay-opacity":"","overlay-gradient":""},"mobile":{"background-color":"","background-image":"","background-repeat":"repeat","background-position":"center center","background-size":"auto","background-attachment":"scroll","background-type":"","background-media":"","overlay-type":"","overlay-color":"","overlay-opacity":"","overlay-gradient":""}},"ast-content-background-meta":{"desktop":{"background-color":"var(--ast-global-color-5)","background-image":"","background-repeat":"repeat","background-position":"center center","background-size":"auto","background-attachment":"scroll","background-type":"","background-media":"","overlay-type":"","overlay-color":"","overlay-opacity":"","overlay-gradient":""},"tablet":{"background-color":"var(--ast-global-color-5)","background-image":"","background-repeat":"repeat","background-position":"center center","background-size":"auto","background-attachment":"scroll","background-type":"","background-media":"","overlay-type":"","overlay-color":"","overlay-opacity":"","overlay-gradient":""},"mobile":{"background-color":"var(--ast-global-color-5)","background-image":"","background-repeat":"repeat","background-position":"center center","background-size":"auto","background-attachment":"scroll","background-type":"","background-media":"","overlay-type":"","overlay-color":"","overlay-opacity":"","overlay-gradient":""}},"footnotes":""},"categories":[74],"tags":[],"class_list":["post-12575","post","type-post","status-publish","format-standard","has-post-thumbnail","hentry","category-weihnachtspaeckchen-21-22-ch"],"_links":{"self":[{"href":"https:\/\/ht-ost.com\/ch\/wp-json\/wp\/v2\/posts\/12575","targetHints":{"allow":["GET"]}}],"collection":[{"href":"https:\/\/ht-ost.com\/ch\/wp-json\/wp\/v2\/posts"}],"about":[{"href":"https:\/\/ht-ost.com\/ch\/wp-json\/wp\/v2\/types\/post"}],"author":[{"embeddable":true,"href":"https:\/\/ht-ost.com\/ch\/wp-json\/wp\/v2\/users\/1"}],"replies":[{"embeddable":true,"href":"https:\/\/ht-ost.com\/ch\/wp-json\/wp\/v2\/comments?post=12575"}],"version-history":[{"count":1,"href":"https:\/\/ht-ost.com\/ch\/wp-json\/wp\/v2\/posts\/12575\/revisions"}],"predecessor-version":[{"id":12576,"href":"https:\/\/ht-ost.com\/ch\/wp-json\/wp\/v2\/posts\/12575\/revisions\/12576"}],"wp:featuredmedia":[{"embeddable":true,"href":"https:\/\/ht-ost.com\/ch\/wp-json\/wp\/v2\/media\/12570"}],"wp:attachment":[{"href":"https:\/\/ht-ost.com\/ch\/wp-json\/wp\/v2\/media?parent=12575"}],"wp:term":[{"taxonomy":"category","embeddable":true,"href":"https:\/\/ht-ost.com\/ch\/wp-json\/wp\/v2\/categories?post=12575"},{"taxonomy":"post_tag","embeddable":true,"href":"https:\/\/ht-ost.com\/ch\/wp-json\/wp\/v2\/tags?post=12575"}],"curies":[{"name":"wp","href":"https:\/\/api.w.org\/{rel}","templated":true}]}}