{"id":17619,"date":"2022-08-12T14:16:00","date_gmt":"2022-08-12T12:16:00","guid":{"rendered":"https:\/\/ht-ost.com\/so-viele-kinderfreizeiten\/"},"modified":"2022-08-17T20:47:04","modified_gmt":"2022-08-17T18:47:04","slug":"so-viele-kinderfreizeiten","status":"publish","type":"post","link":"https:\/\/ht-ost.com\/ch\/so-viele-kinderfreizeiten\/","title":{"rendered":"So viele Kinderfreizeiten!"},"content":{"rendered":"\t\t<div data-elementor-type=\"wp-post\" data-elementor-id=\"17619\" class=\"elementor elementor-17619 elementor-17161\">\n\t\t\t\t\t\t<section class=\"elementor-section elementor-top-section elementor-element elementor-element-3b578bb elementor-section-boxed elementor-section-height-default elementor-section-height-default\" data-id=\"3b578bb\" data-element_type=\"section\" data-e-type=\"section\">\n\t\t\t\t\t\t<div class=\"elementor-container elementor-column-gap-no\">\n\t\t\t\t\t<div class=\"elementor-column elementor-col-100 elementor-top-column elementor-element elementor-element-caa2a34\" data-id=\"caa2a34\" data-element_type=\"column\" data-e-type=\"column\">\n\t\t\t<div class=\"elementor-widget-wrap elementor-element-populated\">\n\t\t\t\t\t\t<div class=\"elementor-element elementor-element-58e0e0a elementor-widget elementor-widget-text-editor\" data-id=\"58e0e0a\" data-element_type=\"widget\" data-e-type=\"widget\" data-widget_type=\"text-editor.default\">\n\t\t\t\t<div class=\"elementor-widget-container\">\n\t\t\t\t\t\t\t\t\t<p>Eine besondere Freude f\u00fcr uns ist, dass in diesem Jahr in ganz Moldawien wieder 17 Kinderfreizeiten stattfinden konnten und sich hunderte Kinder in dem von Armut geplagten Land trafen, um durch die christliche Botschaft und das fr\u00f6hliche Miteinander Hoffnung und neuen Mut wiederzufinden.<br>Die zur\u00fcckliegenden Corona-Jahre und die Fl\u00fcchtlingswelle aus der Ukraine, die besonders auch Moldawien \u00fcberrollt hat, sind f\u00fcr das arme Land eine weitere schwere Herausforderung geworden, was besonders bei Kindern und Senioren, den Schw\u00e4chsten der Gesellschaft, starke Spuren hinterlassen hat.<br>Durch die zahlreichen Kindercamps konnte den teilnehmenden Kindern und deren Familien eine \u00fcberf\u00e4llige und \u00e4usserst wichtige Ermutigung geschenkt werden.<\/p><p>Selbst in der Ukraine \u2013 mitten im Krieg \u2013 haben unsere Mitarbeiter zusammen mit den einheimischen Gemeinden vor Ort die Kinder nicht vergessen und ihnen, da wo es m\u00f6glich war, durch Freizeiten unvorstellbare Freude bereitet.<br>So waren Lena Riasni und Natascha Woloschina bei der Planung und Durchf\u00fchrung von 2 Freizeiten im westukrainischen Lemberg aktiv.<br>Eine Freizeit f\u00fcr 30 Fl\u00fcchtlingskinder vom 26. &#8211; 29. Juli und eine weitere Freizeit im August f\u00fcr Kinder aus armen Verh\u00e4ltnissen wurde zum unvergesslichen Erlebnis f\u00fcr die teilnehmenden Kinder und ihre Familien.<\/p><p>Solche Aktivit\u00e4ten f\u00fcr Kinder mitten im Krieg sind ein starkes Beispiel daf\u00fcr, wie die dortigen Christen selbst in solch schwieriger Lage den Blick f\u00fcr das Wesentliche nicht verlieren und versuchen, den Schw\u00e4chsten zu helfen, Kriegstrauma zu \u00fcberwinden und wieder Freude am Leben zu finden. <\/p>\t\t\t\t\t\t\t\t<\/div>\n\t\t\t\t<\/div>\n\t\t\t\t<div class=\"elementor-element elementor-element-a0c83f2 uael-img-grid__column-2 uael-img-grid-mobile__column-1 uael-img-grid-tablet__column-3 uael-ins-normal elementor-widget elementor-widget-uael-image-gallery\" data-id=\"a0c83f2\" data-element_type=\"widget\" data-e-type=\"widget\" data-settings=\"{&quot;gallery_columns&quot;:&quot;2&quot;,&quot;gallery_columns_mobile&quot;:&quot;1&quot;,&quot;gallery_columns_tablet&quot;:&quot;3&quot;,&quot;column_gap&quot;:{&quot;unit&quot;:&quot;px&quot;,&quot;size&quot;:20,&quot;sizes&quot;:[]},&quot;column_gap_tablet&quot;:{&quot;unit&quot;:&quot;px&quot;,&quot;size&quot;:&quot;&quot;,&quot;sizes&quot;:[]},&quot;column_gap_mobile&quot;:{&quot;unit&quot;:&quot;px&quot;,&quot;size&quot;:&quot;&quot;,&quot;sizes&quot;:[]},&quot;row_gap&quot;:{&quot;unit&quot;:&quot;px&quot;,&quot;size&quot;:20,&quot;sizes&quot;:[]},&quot;row_gap_tablet&quot;:{&quot;unit&quot;:&quot;px&quot;,&quot;size&quot;:&quot;&quot;,&quot;sizes&quot;:[]},&quot;row_gap_mobile&quot;:{&quot;unit&quot;:&quot;px&quot;,&quot;size&quot;:&quot;&quot;,&quot;sizes&quot;:[]}}\" data-widget_type=\"uael-image-gallery.default\">\n\t\t\t\t<div class=\"elementor-widget-container\">\n\t\t\t\t\t<div class=\"uael-gallery-parent uael-caption- uael-gallery-unjustified\"><div class=\"uael-img-gallery-wrap uael-img-masonry-wrap uael-img-grid-masonry-wrap uael-masonry\" data-filter-default=\"All\"><div class=\"uael-grid-item  uael-img-gallery-item-1\"><div class=\"uael-grid-item-content\"><figure class=\"uael-grid-img uael-grid-gallery-img uael-ins-hover elementor-clickable\"><div class=\"uael-grid-img-thumbnail uael-ins-target\"><img fetchpriority=\"high\" decoding=\"async\" width=\"768\" height=\"512\" src=\"https:\/\/ht-ost.com\/wp-content\/uploads\/2022\/08\/Zeitschrift22-3_2-768x512.jpg\" class=\"attachment-medium_large size-medium_large wp-image-17325\" alt=\"\" srcset=\"https:\/\/ht-ost.com\/wp-content\/uploads\/2022\/08\/Zeitschrift22-3_2-768x512.jpg 768w, https:\/\/ht-ost.com\/wp-content\/uploads\/2022\/08\/Zeitschrift22-3_2-300x200.jpg 300w, https:\/\/ht-ost.com\/wp-content\/uploads\/2022\/08\/Zeitschrift22-3_2-1024x683.jpg 1024w, https:\/\/ht-ost.com\/wp-content\/uploads\/2022\/08\/Zeitschrift22-3_2-1536x1024.jpg 1536w, https:\/\/ht-ost.com\/wp-content\/uploads\/2022\/08\/Zeitschrift22-3_2.jpg 1600w\" sizes=\"(max-width: 768px) 100vw, 768px\" \/><\/div><div class=\"uael-grid-img-overlay\"><\/div><\/figure><\/div><\/div><div class=\"uael-grid-item  uael-img-gallery-item-2\"><div class=\"uael-grid-item-content\"><figure class=\"uael-grid-img uael-grid-gallery-img uael-ins-hover elementor-clickable\"><div class=\"uael-grid-img-thumbnail uael-ins-target\"><img decoding=\"async\" width=\"768\" height=\"512\" src=\"https:\/\/ht-ost.com\/wp-content\/uploads\/2022\/08\/2022-07-22-Andrei-Kimakowski-Kinderfreizeit-8-768x512.jpg\" class=\"attachment-medium_large size-medium_large wp-image-17381\" alt=\"\" srcset=\"https:\/\/ht-ost.com\/wp-content\/uploads\/2022\/08\/2022-07-22-Andrei-Kimakowski-Kinderfreizeit-8-768x512.jpg 768w, https:\/\/ht-ost.com\/wp-content\/uploads\/2022\/08\/2022-07-22-Andrei-Kimakowski-Kinderfreizeit-8-300x200.jpg 300w, https:\/\/ht-ost.com\/wp-content\/uploads\/2022\/08\/2022-07-22-Andrei-Kimakowski-Kinderfreizeit-8-1024x683.jpg 1024w, https:\/\/ht-ost.com\/wp-content\/uploads\/2022\/08\/2022-07-22-Andrei-Kimakowski-Kinderfreizeit-8-1536x1024.jpg 1536w, https:\/\/ht-ost.com\/wp-content\/uploads\/2022\/08\/2022-07-22-Andrei-Kimakowski-Kinderfreizeit-8.jpg 1920w\" sizes=\"(max-width: 768px) 100vw, 768px\" \/><\/div><div class=\"uael-grid-img-overlay\"><\/div><\/figure><\/div><\/div><div class=\"uael-grid-item  uael-img-gallery-item-3\"><div class=\"uael-grid-item-content\"><figure class=\"uael-grid-img uael-grid-gallery-img uael-ins-hover elementor-clickable\"><div class=\"uael-grid-img-thumbnail uael-ins-target\"><img decoding=\"async\" width=\"768\" height=\"512\" src=\"https:\/\/ht-ost.com\/wp-content\/uploads\/2022\/08\/2022-07-22-Andrei-Kimakowski-Kinderfreizeit-5-768x512.jpg\" class=\"attachment-medium_large size-medium_large wp-image-17386\" alt=\"\" srcset=\"https:\/\/ht-ost.com\/wp-content\/uploads\/2022\/08\/2022-07-22-Andrei-Kimakowski-Kinderfreizeit-5-768x512.jpg 768w, https:\/\/ht-ost.com\/wp-content\/uploads\/2022\/08\/2022-07-22-Andrei-Kimakowski-Kinderfreizeit-5-300x200.jpg 300w, https:\/\/ht-ost.com\/wp-content\/uploads\/2022\/08\/2022-07-22-Andrei-Kimakowski-Kinderfreizeit-5-1024x683.jpg 1024w, https:\/\/ht-ost.com\/wp-content\/uploads\/2022\/08\/2022-07-22-Andrei-Kimakowski-Kinderfreizeit-5-1536x1024.jpg 1536w, https:\/\/ht-ost.com\/wp-content\/uploads\/2022\/08\/2022-07-22-Andrei-Kimakowski-Kinderfreizeit-5.jpg 1920w\" sizes=\"(max-width: 768px) 100vw, 768px\" \/><\/div><div class=\"uael-grid-img-overlay\"><\/div><\/figure><\/div><\/div><div class=\"uael-grid-item  uael-img-gallery-item-4\"><div class=\"uael-grid-item-content\"><figure class=\"uael-grid-img uael-grid-gallery-img uael-ins-hover elementor-clickable\"><div class=\"uael-grid-img-thumbnail uael-ins-target\"><img loading=\"lazy\" decoding=\"async\" width=\"768\" height=\"512\" src=\"https:\/\/ht-ost.com\/wp-content\/uploads\/2022\/08\/2022-07-22-Andrei-Kimakowski-Kinderfreizeit-23-768x512.jpg\" class=\"attachment-medium_large size-medium_large wp-image-17391\" alt=\"\" srcset=\"https:\/\/ht-ost.com\/wp-content\/uploads\/2022\/08\/2022-07-22-Andrei-Kimakowski-Kinderfreizeit-23-768x512.jpg 768w, https:\/\/ht-ost.com\/wp-content\/uploads\/2022\/08\/2022-07-22-Andrei-Kimakowski-Kinderfreizeit-23-300x200.jpg 300w, https:\/\/ht-ost.com\/wp-content\/uploads\/2022\/08\/2022-07-22-Andrei-Kimakowski-Kinderfreizeit-23-1024x683.jpg 1024w, https:\/\/ht-ost.com\/wp-content\/uploads\/2022\/08\/2022-07-22-Andrei-Kimakowski-Kinderfreizeit-23-1536x1024.jpg 1536w, https:\/\/ht-ost.com\/wp-content\/uploads\/2022\/08\/2022-07-22-Andrei-Kimakowski-Kinderfreizeit-23.jpg 1920w\" sizes=\"(max-width: 768px) 100vw, 768px\" \/><\/div><div class=\"uael-grid-img-overlay\"><\/div><\/figure><\/div><\/div><div class=\"uael-grid-item  uael-img-gallery-item-5\"><div class=\"uael-grid-item-content\"><figure class=\"uael-grid-img uael-grid-gallery-img uael-ins-hover elementor-clickable\"><div class=\"uael-grid-img-thumbnail uael-ins-target\"><img loading=\"lazy\" decoding=\"async\" width=\"768\" height=\"512\" src=\"https:\/\/ht-ost.com\/wp-content\/uploads\/2022\/08\/2022-07-19-Oanta-Andrei-Bahmut-Sipoteni-Kinderfreizeit-33-768x512.jpg\" class=\"attachment-medium_large size-medium_large wp-image-17396\" alt=\"\" srcset=\"https:\/\/ht-ost.com\/wp-content\/uploads\/2022\/08\/2022-07-19-Oanta-Andrei-Bahmut-Sipoteni-Kinderfreizeit-33-768x512.jpg 768w, https:\/\/ht-ost.com\/wp-content\/uploads\/2022\/08\/2022-07-19-Oanta-Andrei-Bahmut-Sipoteni-Kinderfreizeit-33-300x200.jpg 300w, https:\/\/ht-ost.com\/wp-content\/uploads\/2022\/08\/2022-07-19-Oanta-Andrei-Bahmut-Sipoteni-Kinderfreizeit-33-1024x683.jpg 1024w, https:\/\/ht-ost.com\/wp-content\/uploads\/2022\/08\/2022-07-19-Oanta-Andrei-Bahmut-Sipoteni-Kinderfreizeit-33.jpg 1350w\" sizes=\"(max-width: 768px) 100vw, 768px\" \/><\/div><div class=\"uael-grid-img-overlay\"><\/div><\/figure><\/div><\/div><div class=\"uael-grid-item  uael-img-gallery-item-6\"><div class=\"uael-grid-item-content\"><figure class=\"uael-grid-img uael-grid-gallery-img uael-ins-hover elementor-clickable\"><div class=\"uael-grid-img-thumbnail uael-ins-target\"><img loading=\"lazy\" decoding=\"async\" width=\"768\" height=\"512\" src=\"https:\/\/ht-ost.com\/wp-content\/uploads\/2022\/08\/2022-07-19-Oanta-Andrei-Bahmut-Sipoteni-Kinderfreizeit-12-768x512.jpg\" class=\"attachment-medium_large size-medium_large wp-image-17401\" alt=\"\" srcset=\"https:\/\/ht-ost.com\/wp-content\/uploads\/2022\/08\/2022-07-19-Oanta-Andrei-Bahmut-Sipoteni-Kinderfreizeit-12-768x512.jpg 768w, https:\/\/ht-ost.com\/wp-content\/uploads\/2022\/08\/2022-07-19-Oanta-Andrei-Bahmut-Sipoteni-Kinderfreizeit-12-300x200.jpg 300w, https:\/\/ht-ost.com\/wp-content\/uploads\/2022\/08\/2022-07-19-Oanta-Andrei-Bahmut-Sipoteni-Kinderfreizeit-12-1024x683.jpg 1024w, https:\/\/ht-ost.com\/wp-content\/uploads\/2022\/08\/2022-07-19-Oanta-Andrei-Bahmut-Sipoteni-Kinderfreizeit-12-1536x1024.jpg 1536w, https:\/\/ht-ost.com\/wp-content\/uploads\/2022\/08\/2022-07-19-Oanta-Andrei-Bahmut-Sipoteni-Kinderfreizeit-12.jpg 1920w\" sizes=\"(max-width: 768px) 100vw, 768px\" \/><\/div><div class=\"uael-grid-img-overlay\"><\/div><\/figure><\/div><\/div><div class=\"uael-grid-item  uael-img-gallery-item-7\"><div class=\"uael-grid-item-content\"><figure class=\"uael-grid-img uael-grid-gallery-img uael-ins-hover elementor-clickable\"><div class=\"uael-grid-img-thumbnail uael-ins-target\"><img loading=\"lazy\" decoding=\"async\" width=\"768\" height=\"1152\" src=\"https:\/\/ht-ost.com\/wp-content\/uploads\/2022\/08\/2022-07-29-Lemberg-Kinderfreizeit-4-768x1152.jpg\" class=\"attachment-medium_large size-medium_large wp-image-17406\" alt=\"\" srcset=\"https:\/\/ht-ost.com\/wp-content\/uploads\/2022\/08\/2022-07-29-Lemberg-Kinderfreizeit-4-768x1152.jpg 768w, https:\/\/ht-ost.com\/wp-content\/uploads\/2022\/08\/2022-07-29-Lemberg-Kinderfreizeit-4-200x300.jpg 200w, https:\/\/ht-ost.com\/wp-content\/uploads\/2022\/08\/2022-07-29-Lemberg-Kinderfreizeit-4-683x1024.jpg 683w, https:\/\/ht-ost.com\/wp-content\/uploads\/2022\/08\/2022-07-29-Lemberg-Kinderfreizeit-4-1024x1536.jpg 1024w, https:\/\/ht-ost.com\/wp-content\/uploads\/2022\/08\/2022-07-29-Lemberg-Kinderfreizeit-4.jpg 1280w\" sizes=\"(max-width: 768px) 100vw, 768px\" \/><\/div><div class=\"uael-grid-img-overlay\"><\/div><\/figure><\/div><\/div><div class=\"uael-grid-item  uael-img-gallery-item-8\"><div class=\"uael-grid-item-content\"><figure class=\"uael-grid-img uael-grid-gallery-img uael-ins-hover elementor-clickable\"><div class=\"uael-grid-img-thumbnail uael-ins-target\"><img loading=\"lazy\" decoding=\"async\" width=\"768\" height=\"512\" src=\"https:\/\/ht-ost.com\/wp-content\/uploads\/2022\/08\/2022-07-22-Andrei-Kimakowski-Kinderfreizeit-4-768x512.jpg\" class=\"attachment-medium_large size-medium_large wp-image-17411\" alt=\"\" srcset=\"https:\/\/ht-ost.com\/wp-content\/uploads\/2022\/08\/2022-07-22-Andrei-Kimakowski-Kinderfreizeit-4-768x512.jpg 768w, https:\/\/ht-ost.com\/wp-content\/uploads\/2022\/08\/2022-07-22-Andrei-Kimakowski-Kinderfreizeit-4-300x200.jpg 300w, https:\/\/ht-ost.com\/wp-content\/uploads\/2022\/08\/2022-07-22-Andrei-Kimakowski-Kinderfreizeit-4-1024x683.jpg 1024w, https:\/\/ht-ost.com\/wp-content\/uploads\/2022\/08\/2022-07-22-Andrei-Kimakowski-Kinderfreizeit-4-1536x1024.jpg 1536w, https:\/\/ht-ost.com\/wp-content\/uploads\/2022\/08\/2022-07-22-Andrei-Kimakowski-Kinderfreizeit-4.jpg 1920w\" sizes=\"(max-width: 768px) 100vw, 768px\" \/><\/div><div class=\"uael-grid-img-overlay\"><\/div><\/figure><\/div><\/div><div class=\"uael-grid-item  uael-img-gallery-item-9\"><div class=\"uael-grid-item-content\"><figure class=\"uael-grid-img uael-grid-gallery-img uael-ins-hover elementor-clickable\"><div class=\"uael-grid-img-thumbnail uael-ins-target\"><img loading=\"lazy\" decoding=\"async\" width=\"768\" height=\"1152\" src=\"https:\/\/ht-ost.com\/wp-content\/uploads\/2022\/08\/2022-07-29-Lemberg-Kinderfreizeit-3-768x1152.jpg\" class=\"attachment-medium_large size-medium_large wp-image-17416\" alt=\"\" srcset=\"https:\/\/ht-ost.com\/wp-content\/uploads\/2022\/08\/2022-07-29-Lemberg-Kinderfreizeit-3-768x1152.jpg 768w, https:\/\/ht-ost.com\/wp-content\/uploads\/2022\/08\/2022-07-29-Lemberg-Kinderfreizeit-3-200x300.jpg 200w, https:\/\/ht-ost.com\/wp-content\/uploads\/2022\/08\/2022-07-29-Lemberg-Kinderfreizeit-3-683x1024.jpg 683w, https:\/\/ht-ost.com\/wp-content\/uploads\/2022\/08\/2022-07-29-Lemberg-Kinderfreizeit-3-1024x1536.jpg 1024w, https:\/\/ht-ost.com\/wp-content\/uploads\/2022\/08\/2022-07-29-Lemberg-Kinderfreizeit-3.jpg 1280w\" sizes=\"(max-width: 768px) 100vw, 768px\" \/><\/div><div class=\"uael-grid-img-overlay\"><\/div><\/figure><\/div><\/div><div class=\"uael-grid-item  uael-img-gallery-item-10\"><div class=\"uael-grid-item-content\"><figure class=\"uael-grid-img uael-grid-gallery-img uael-ins-hover elementor-clickable\"><div class=\"uael-grid-img-thumbnail uael-ins-target\"><img loading=\"lazy\" decoding=\"async\" width=\"768\" height=\"512\" src=\"https:\/\/ht-ost.com\/wp-content\/uploads\/2022\/08\/2022-07-29-Lemberg-Kinderfreizeit-2-768x512.jpg\" class=\"attachment-medium_large size-medium_large wp-image-17421\" alt=\"\" srcset=\"https:\/\/ht-ost.com\/wp-content\/uploads\/2022\/08\/2022-07-29-Lemberg-Kinderfreizeit-2-768x512.jpg 768w, https:\/\/ht-ost.com\/wp-content\/uploads\/2022\/08\/2022-07-29-Lemberg-Kinderfreizeit-2-300x200.jpg 300w, https:\/\/ht-ost.com\/wp-content\/uploads\/2022\/08\/2022-07-29-Lemberg-Kinderfreizeit-2-1024x683.jpg 1024w, https:\/\/ht-ost.com\/wp-content\/uploads\/2022\/08\/2022-07-29-Lemberg-Kinderfreizeit-2-1536x1024.jpg 1536w, https:\/\/ht-ost.com\/wp-content\/uploads\/2022\/08\/2022-07-29-Lemberg-Kinderfreizeit-2.jpg 1920w\" sizes=\"(max-width: 768px) 100vw, 768px\" \/><\/div><div class=\"uael-grid-img-overlay\"><\/div><\/figure><\/div><\/div><\/div><\/div>\t\t\t\t<\/div>\n\t\t\t\t<\/div>\n\t\t\t\t\t<\/div>\n\t\t<\/div>\n\t\t\t\t\t<\/div>\n\t\t<\/section>\n\t\t\t\t<section class=\"elementor-section elementor-top-section elementor-element elementor-element-b652f14 elementor-section-boxed elementor-section-height-default elementor-section-height-default\" data-id=\"b652f14\" data-element_type=\"section\" data-e-type=\"section\">\n\t\t\t\t\t\t<div class=\"elementor-container elementor-column-gap-no\">\n\t\t\t\t\t<div class=\"elementor-column elementor-col-100 elementor-top-column elementor-element elementor-element-7ea4cf2\" data-id=\"7ea4cf2\" data-element_type=\"column\" data-e-type=\"column\">\n\t\t\t<div class=\"elementor-widget-wrap elementor-element-populated\">\n\t\t\t\t\t\t<div class=\"elementor-element elementor-element-2c6dab5 elementor-widget elementor-widget-spacer\" data-id=\"2c6dab5\" data-element_type=\"widget\" data-e-type=\"widget\" data-widget_type=\"spacer.default\">\n\t\t\t\t<div class=\"elementor-widget-container\">\n\t\t\t\t\t\t\t<div class=\"elementor-spacer\">\n\t\t\t<div class=\"elementor-spacer-inner\"><\/div>\n\t\t<\/div>\n\t\t\t\t\t\t<\/div>\n\t\t\t\t<\/div>\n\t\t\t\t<div class=\"elementor-element elementor-element-8e3deed elementor-widget-divider--view-line elementor-widget elementor-widget-divider\" data-id=\"8e3deed\" data-element_type=\"widget\" data-e-type=\"widget\" data-widget_type=\"divider.default\">\n\t\t\t\t<div class=\"elementor-widget-container\">\n\t\t\t\t\t\t\t<div class=\"elementor-divider\">\n\t\t\t<span class=\"elementor-divider-separator\">\n\t\t\t\t\t\t<\/span>\n\t\t<\/div>\n\t\t\t\t\t\t<\/div>\n\t\t\t\t<\/div>\n\t\t\t\t<div class=\"elementor-element elementor-element-8483062 elementor-widget elementor-widget-text-editor\" data-id=\"8483062\" data-element_type=\"widget\" data-e-type=\"widget\" data-widget_type=\"text-editor.default\">\n\t\t\t\t<div class=\"elementor-widget-container\">\n\t\t\t\t\t\t\t\t\t<p><strong>Wie kann man helfen?<\/strong><br \/>Trage mit einer Spende dazu bei, dass weitere Freizeiten durchgef\u00fchrt werden k\u00f6nnen. <\/p><p>Verwendungszweck: \u201eKinderfreizeit\u201c<br \/>IBAN: CH19 0900 0000 7000 7722 5<\/p>\t\t\t\t\t\t\t\t<\/div>\n\t\t\t\t<\/div>\n\t\t\t\t<div class=\"elementor-element elementor-element-ed8c7dc elementor-widget__width-initial elementor-widget elementor-widget-wp-widget-wpedon_widget\" data-id=\"ed8c7dc\" data-element_type=\"widget\" data-e-type=\"widget\" data-widget_type=\"wp-widget-wpedon_widget.default\">\n\t\t\t\t<div class=\"elementor-widget-container\">\n\t\t\t\t\t<style>\r\n        .wpedon-container .wpedon-select,\r\n        .wpedon-container .wpedon-input {\r\n            width: 200px;\r\n            min-width: 200px;\r\n            max-width: 200px;\r\n        }\r\n    <\/style><div class='wpedon-container wpedon-align-left'><form target='_blank' action='https:\/\/www.paypal.com\/cgi-bin\/webscr' method='post' class='wpedon-form'><input type='hidden' name='cmd' value='_donations' \/><input type='hidden' name='business' value='GPMU2NM55E84A' \/><input type='hidden' name='currency_code' value='EUR' \/><input type='hidden' name='notify_url' value='https:\/\/ht-ost.com\/wp-admin\/admin-post.php?action=add_wpedon_button_ipn'><input type='hidden' name='lc' value='de_DE'><input type='hidden' name='bn' value='WPPlugin_SP'><input type='hidden' name='return' value='https:\/\/ht-ost.com\/de' \/><input type='hidden' name='cancel_return' value='https:\/\/ht-ost.com\/de' \/><input class='wpedon_paypalbuttonimage' type='image' src='https:\/\/ht-ost.com\/wp-content\/uploads\/2020\/03\/paypal_button_200px.png' border='0' name='submit' alt='Make your payments with PayPal. It is free, secure, effective.' style='border: none;'><img alt='' border='0' style='border:none;display:none;' src='https:\/\/www.paypal.com\/de_DE\/i\/scr\/pixel.gif' width='1' height='1'><input type='hidden' name='amount' id='amount_8d975ce270ffa7b216a58e6b51b32a84' value='' \/><input type='hidden' name='price' id='price_8d975ce270ffa7b216a58e6b51b32a84' value='' \/><input type='hidden' name='item_number' value='' \/><input type='hidden' name='item_name' value='Fluechtlingshilfe Ukraine' \/><input type='hidden' name='name' value='Fluechtlingshilfe Ukraine' \/><input type='hidden' name='custom' value='1974'><input type='hidden' name='no_shipping' value='1'><input type='hidden' name='no_note' value='1'><input type='hidden' name='currency_code' value='EUR'><\/form><\/div>\t\t\t\t<\/div>\n\t\t\t\t<\/div>\n\t\t\t\t\t<\/div>\n\t\t<\/div>\n\t\t\t\t\t<\/div>\n\t\t<\/section>\n\t\t\t\t<section class=\"elementor-section elementor-top-section elementor-element elementor-element-e477bef elementor-section-boxed elementor-section-height-default elementor-section-height-default\" data-id=\"e477bef\" data-element_type=\"section\" data-e-type=\"section\">\n\t\t\t\t\t\t<div class=\"elementor-container elementor-column-gap-default\">\n\t\t\t\t\t<div class=\"elementor-column elementor-col-100 elementor-top-column elementor-element elementor-element-bd4bbe5\" data-id=\"bd4bbe5\" data-element_type=\"column\" data-e-type=\"column\">\n\t\t\t<div class=\"elementor-widget-wrap elementor-element-populated\">\n\t\t\t\t\t\t<div class=\"elementor-element elementor-element-5e73695 elementor-widget elementor-widget-spacer\" data-id=\"5e73695\" data-element_type=\"widget\" data-e-type=\"widget\" data-widget_type=\"spacer.default\">\n\t\t\t\t<div class=\"elementor-widget-container\">\n\t\t\t\t\t\t\t<div class=\"elementor-spacer\">\n\t\t\t<div class=\"elementor-spacer-inner\"><\/div>\n\t\t<\/div>\n\t\t\t\t\t\t<\/div>\n\t\t\t\t<\/div>\n\t\t\t\t<div class=\"elementor-element elementor-element-b563fae elementor-widget elementor-widget-heading\" data-id=\"b563fae\" data-element_type=\"widget\" data-e-type=\"widget\" data-widget_type=\"heading.default\">\n\t\t\t\t<div class=\"elementor-widget-container\">\n\t\t\t\t\t<h2 class=\"elementor-heading-title elementor-size-default\">Zeitschrift 2022 Nr.3<\/h2>\t\t\t\t<\/div>\n\t\t\t\t<\/div>\n\t\t\t\t<div class=\"elementor-element elementor-element-3c2b99a elementor-widget-divider--view-line elementor-widget elementor-widget-divider\" data-id=\"3c2b99a\" data-element_type=\"widget\" data-e-type=\"widget\" data-widget_type=\"divider.default\">\n\t\t\t\t<div class=\"elementor-widget-container\">\n\t\t\t\t\t\t\t<div class=\"elementor-divider\">\n\t\t\t<span class=\"elementor-divider-separator\">\n\t\t\t\t\t\t<\/span>\n\t\t<\/div>\n\t\t\t\t\t\t<\/div>\n\t\t\t\t<\/div>\n\t\t\t\t<div class=\"elementor-element elementor-element-185ce45 uael-posts-thumbnail-ratio uael-post__arrow-outside elementor-widget elementor-widget-uael-posts\" data-id=\"185ce45\" data-element_type=\"widget\" data-e-type=\"widget\" data-settings=\"{&quot;classic_slides_to_show&quot;:3,&quot;classic_slides_to_show_tablet&quot;:2,&quot;classic_slides_to_show_mobile&quot;:1}\" data-widget_type=\"uael-posts.classic\">\n\t\t\t\t<div class=\"elementor-widget-container\">\n\t\t\t\t\t\t\t<div class=\"uael-post__header\">\n\t\t\t\t\t<\/div>\n\t\t<div class=\"uael-post__body\">\n\t\t\t\n\t\t\n\t\t<div class=\"uael-blog-terms-position-above_content uael-post-image-top uael-post-grid uael-posts\" data-query-type=\"custom\" data-structure=\"carousel\" data-layout=\"\" data-page=\"17619\" data-skin=\"classic\" data-filter-default=\"\" data-offset-top=\"30\" data-post_slider=\"{&quot;slidesToShow&quot;:3,&quot;slidesToScroll&quot;:2,&quot;autoplaySpeed&quot;:5000,&quot;autoplay&quot;:false,&quot;infinite&quot;:false,&quot;pauseOnHover&quot;:false,&quot;speed&quot;:800,&quot;arrows&quot;:true,&quot;dots&quot;:true,&quot;rtl&quot;:false,&quot;prevArrow&quot;:&quot;&lt;button type=\\&quot;button\\&quot; data-role=\\&quot;none\\&quot; class=\\&quot;slick-prev\\&quot; aria-label=\\&quot;Previous\\&quot; tabindex=\\&quot;0\\&quot; role=\\&quot;button\\&quot;&gt;&lt;i class=\\&quot;fa fa-angle-left\\&quot;&gt;&lt;\\\/i&gt;&lt;\\\/button&gt;&quot;,&quot;nextArrow&quot;:&quot;&lt;button type=\\&quot;button\\&quot; data-role=\\&quot;none\\&quot; class=\\&quot;slick-next\\&quot; aria-label=\\&quot;Next\\&quot; tabindex=\\&quot;0\\&quot; role=\\&quot;button\\&quot;&gt;&lt;i class=\\&quot;fa fa-angle-right\\&quot;&gt;&lt;\\\/i&gt;&lt;\\\/button&gt;&quot;,&quot;responsive&quot;:[{&quot;breakpoint&quot;:1024,&quot;settings&quot;:{&quot;slidesToShow&quot;:2,&quot;slidesToScroll&quot;:1}},{&quot;breakpoint&quot;:767,&quot;settings&quot;:{&quot;slidesToShow&quot;:1,&quot;slidesToScroll&quot;:1}}]}\" data-equal-height=\"yes\" data-post-count=\"7\">\n\n\t\t\t\t\t\t\t<div class=\"uael-post-grid__inner uael-post__columns-3 uael-post__columns-tablet-2 uael-post__columns-mobile-1\">\n\t\t\t\n<div class=\"uael-post-wrapper   fl\u00fcchtlingshilfe krieg-in-der-ukraine \">\n\t<div class=\"uael-post__bg-wrap uael-bg-wrap-disabled \">\n\n\t\t\t\t\n\t\t<div class=\"uael-post__inner-wrap uael-inner-wrap-disabled\">\n\n\t\t\t\t<div class=\"uael-post__thumbnail\">\n\t\t\t\n\t\t\t<a href=\"https:\/\/ht-ost.com\/ch\/neue-humanitaere-zentren\/\" target=\"_self\" title=\"Neue humanit\u00e4re Zentren\"><img loading=\"lazy\" decoding=\"async\" width=\"750\" height=\"500\" src=\"https:\/\/ht-ost.com\/wp-content\/uploads\/2022\/08\/hilfszentrum223.jpg\" class=\"attachment-medium_large size-medium_large wp-image-17149\" alt=\"\" srcset=\"https:\/\/ht-ost.com\/wp-content\/uploads\/2022\/08\/hilfszentrum223.jpg 750w, https:\/\/ht-ost.com\/wp-content\/uploads\/2022\/08\/hilfszentrum223-300x200.jpg 300w\" sizes=\"(max-width: 750px) 100vw, 750px\" \/><\/a>\n\t\t\t\t\t<\/div>\n\t\t\n\t\t\t\n\t\t\t<div class=\"uael-post__content-wrap uael-content-wrap-disabled\">\n\t\t\t\t\t\t\t<div class=\"uael-post__terms-wrap\"><span class=\"uael-post__terms\"><span class=\"uael-listing__terms-link\">Fl\u00fcchtlingshilfe<\/span><\/span><\/div>\n\t\t\t\t\t\t<h4 class=\"uael-post__title\">\n\n\t\t\n\t\t\t\t\t\t<a href=\"https:\/\/ht-ost.com\/ch\/neue-humanitaere-zentren\/\" target=\"_self\">\n\t\t\t\tNeue humanit\u00e4re Zentren\t\t\t<\/a>\n\n\t\t\t\t<\/h4>\n\t\t\t\t\t<div class=\"uael-post__meta-data\">\n\t\t\t\t\t<span class=\"uael-post__date\">\n\t\t\t\t\t\t\t\t\t\t\t\t\t<i aria-hidden=\"true\" class=\"fa fa-calendar\"><\/i>\t\t\t\t\t\t\t\t\t\n\t\t\t17. August 2022\t\t<\/span>\n\t\t\t\t<\/div>\n\t\t\n\t\t<div class=\"uael-post__excerpt\">\n\t\t\tPraktische und geistliche Unterst\u00fctzung f\u00fcr hunderte Fl\u00fcchtlinge Obwohl viele Ukrainer ihr Zuhause nur sehr widerwillig verlassen, hat der Krieg f\u00fcr eine unvergleichliche Fl\u00fcchtlingswelle gesorgt, von ...\t\t<\/div>\n\n\t\t\t\t\t<a class=\"uael-post__read-more elementor-button\" href=\"https:\/\/ht-ost.com\/ch\/neue-humanitaere-zentren\/\" target=\"_self\" aria-labelledby=\"uael-post-17629\">\n\t\t\t\t\t<span class=\"elementor-button-content-wrapper\">\n\t\t\t\t\t\t\t\t\t\t\t\t\t\t<span class=\"elementor-button-icon elementor-align-icon-right\">\n\n\t\t\t\t\t\t\t\t\t<i aria-hidden=\"true\" class=\"fas fa-angle-right\"><\/i>\n\t\t\t\t\t\t\t\t<\/span>\n\t\t\t\t\t\t\t\t\t\t\t\t\t\n\t\t\t\t\t\t<span class=\"elementor-button-text\" id=uael-post-17629>Weiterlesen<\/span>\n\t\t\t\t\t<\/span>\n\t\t\t\t<\/a>\n\t\t\t\t\t\t<\/div>\n\t\t\t\n\t\t<\/div>\n\t\t\n\t<\/div>\n\n<\/div>\n\n<div class=\"uael-post-wrapper   editorial \">\n\t<div class=\"uael-post__bg-wrap uael-bg-wrap-disabled \">\n\n\t\t\t\t\n\t\t<div class=\"uael-post__inner-wrap uael-inner-wrap-disabled\">\n\n\t\t\t\t<div class=\"uael-post__thumbnail\">\n\t\t\t\n\t\t\t<a href=\"https:\/\/ht-ost.com\/ch\/gebet\/\" target=\"_self\" title=\"Gebet\"><img loading=\"lazy\" decoding=\"async\" width=\"750\" height=\"500\" src=\"https:\/\/ht-ost.com\/wp-content\/uploads\/2022\/04\/20220405_gebet2.jpg\" class=\"attachment-medium_large size-medium_large wp-image-16349\" alt=\"\" srcset=\"https:\/\/ht-ost.com\/wp-content\/uploads\/2022\/04\/20220405_gebet2.jpg 750w, https:\/\/ht-ost.com\/wp-content\/uploads\/2022\/04\/20220405_gebet2-300x200.jpg 300w\" sizes=\"(max-width: 750px) 100vw, 750px\" \/><\/a>\n\t\t\t\t\t<\/div>\n\t\t\n\t\t\t\n\t\t\t<div class=\"uael-post__content-wrap uael-content-wrap-disabled\">\n\t\t\t\t\t\t\t<div class=\"uael-post__terms-wrap\"><span class=\"uael-post__terms\"><span class=\"uael-listing__terms-link\">Editorial<\/span><\/span><\/div>\n\t\t\t\t\t\t<h4 class=\"uael-post__title\">\n\n\t\t\n\t\t\t\t\t\t<a href=\"https:\/\/ht-ost.com\/ch\/gebet\/\" target=\"_self\">\n\t\t\t\tGebet\t\t\t<\/a>\n\n\t\t\t\t<\/h4>\n\t\t\t\t\t<div class=\"uael-post__meta-data\">\n\t\t\t\t\t<span class=\"uael-post__date\">\n\t\t\t\t\t\t\t\t\t\t\t\t\t<i aria-hidden=\"true\" class=\"fa fa-calendar\"><\/i>\t\t\t\t\t\t\t\t\t\n\t\t\t17. August 2022\t\t<\/span>\n\t\t\t\t<\/div>\n\t\t\n\t\t<div class=\"uael-post__excerpt\">\n\t\t\tDank F\u00fcr die bisherige Bewahrung unserer Mitarbeiter in der Ukraine, besonders im Kriegsgebiet F\u00fcr den gelungenen Aufbau neuer Projekte und Hilfszentren in der Westukraine F\u00fcr ...\t\t<\/div>\n\n\t\t\t\t\t<a class=\"uael-post__read-more elementor-button\" href=\"https:\/\/ht-ost.com\/ch\/gebet\/\" target=\"_self\" aria-labelledby=\"uael-post-17625\">\n\t\t\t\t\t<span class=\"elementor-button-content-wrapper\">\n\t\t\t\t\t\t\t\t\t\t\t\t\t\t<span class=\"elementor-button-icon elementor-align-icon-right\">\n\n\t\t\t\t\t\t\t\t\t<i aria-hidden=\"true\" class=\"fas fa-angle-right\"><\/i>\n\t\t\t\t\t\t\t\t<\/span>\n\t\t\t\t\t\t\t\t\t\t\t\t\t\n\t\t\t\t\t\t<span class=\"elementor-button-text\" id=uael-post-17625>Weiterlesen<\/span>\n\t\t\t\t\t<\/span>\n\t\t\t\t<\/a>\n\t\t\t\t\t\t<\/div>\n\t\t\t\n\t\t<\/div>\n\t\t\n\t<\/div>\n\n<\/div>\n\n<div class=\"uael-post-wrapper   kinderfreizeiten \">\n\t<div class=\"uael-post__bg-wrap uael-bg-wrap-disabled \">\n\n\t\t\t\t\n\t\t<div class=\"uael-post__inner-wrap uael-inner-wrap-disabled\">\n\n\t\t\t\t<div class=\"uael-post__thumbnail\">\n\t\t\t\n\t\t\t<a href=\"https:\/\/ht-ost.com\/ch\/so-viele-kinderfreizeiten\/\" target=\"_self\" title=\"So viele Kinderfreizeiten!\"><img loading=\"lazy\" decoding=\"async\" width=\"750\" height=\"500\" src=\"https:\/\/ht-ost.com\/wp-content\/uploads\/2022\/08\/freizeiten223.jpg\" class=\"attachment-medium_large size-medium_large wp-image-17129\" alt=\"\" srcset=\"https:\/\/ht-ost.com\/wp-content\/uploads\/2022\/08\/freizeiten223.jpg 750w, https:\/\/ht-ost.com\/wp-content\/uploads\/2022\/08\/freizeiten223-300x200.jpg 300w\" sizes=\"(max-width: 750px) 100vw, 750px\" \/><\/a>\n\t\t\t\t\t<\/div>\n\t\t\n\t\t\t\n\t\t\t<div class=\"uael-post__content-wrap uael-content-wrap-disabled\">\n\t\t\t\t\t\t\t<div class=\"uael-post__terms-wrap\"><span class=\"uael-post__terms\"><span class=\"uael-listing__terms-link\">Kinderfreizeiten<\/span><\/span><\/div>\n\t\t\t\t\t\t<h4 class=\"uael-post__title\">\n\n\t\t\n\t\t\t\t\t\t<a href=\"https:\/\/ht-ost.com\/ch\/so-viele-kinderfreizeiten\/\" target=\"_self\">\n\t\t\t\tSo viele Kinderfreizeiten!\t\t\t<\/a>\n\n\t\t\t\t<\/h4>\n\t\t\t\t\t<div class=\"uael-post__meta-data\">\n\t\t\t\t\t<span class=\"uael-post__date\">\n\t\t\t\t\t\t\t\t\t\t\t\t\t<i aria-hidden=\"true\" class=\"fa fa-calendar\"><\/i>\t\t\t\t\t\t\t\t\t\n\t\t\t12. August 2022\t\t<\/span>\n\t\t\t\t<\/div>\n\t\t\n\t\t<div class=\"uael-post__excerpt\">\n\t\t\tEine besondere Freude f\u00fcr uns ist, dass in diesem Jahr in ganz Moldawien wieder 17 Kinderfreizeiten stattfinden konnten und sich hunderte Kinder in dem von ...\t\t<\/div>\n\n\t\t\t\t\t<a class=\"uael-post__read-more elementor-button\" href=\"https:\/\/ht-ost.com\/ch\/so-viele-kinderfreizeiten\/\" target=\"_self\" aria-labelledby=\"uael-post-17619\">\n\t\t\t\t\t<span class=\"elementor-button-content-wrapper\">\n\t\t\t\t\t\t\t\t\t\t\t\t\t\t<span class=\"elementor-button-icon elementor-align-icon-right\">\n\n\t\t\t\t\t\t\t\t\t<i aria-hidden=\"true\" class=\"fas fa-angle-right\"><\/i>\n\t\t\t\t\t\t\t\t<\/span>\n\t\t\t\t\t\t\t\t\t\t\t\t\t\n\t\t\t\t\t\t<span class=\"elementor-button-text\" id=uael-post-17619>Weiterlesen<\/span>\n\t\t\t\t\t<\/span>\n\t\t\t\t<\/a>\n\t\t\t\t\t\t<\/div>\n\t\t\t\n\t\t<\/div>\n\t\t\n\t<\/div>\n\n<\/div>\n\n<div class=\"uael-post-wrapper   fl\u00fcchtlingshilfe krieg-in-der-ukraine \">\n\t<div class=\"uael-post__bg-wrap uael-bg-wrap-disabled \">\n\n\t\t\t\t\n\t\t<div class=\"uael-post__inner-wrap uael-inner-wrap-disabled\">\n\n\t\t\t\t<div class=\"uael-post__thumbnail\">\n\t\t\t\n\t\t\t<a href=\"https:\/\/ht-ost.com\/ch\/reisebericht\/\" target=\"_self\" title=\"Reisebericht\"><img loading=\"lazy\" decoding=\"async\" width=\"750\" height=\"500\" src=\"https:\/\/ht-ost.com\/wp-content\/uploads\/2022\/08\/reisedurchukraine.jpg\" class=\"attachment-medium_large size-medium_large wp-image-17154\" alt=\"\" srcset=\"https:\/\/ht-ost.com\/wp-content\/uploads\/2022\/08\/reisedurchukraine.jpg 750w, https:\/\/ht-ost.com\/wp-content\/uploads\/2022\/08\/reisedurchukraine-300x200.jpg 300w\" sizes=\"(max-width: 750px) 100vw, 750px\" \/><\/a>\n\t\t\t\t\t<\/div>\n\t\t\n\t\t\t\n\t\t\t<div class=\"uael-post__content-wrap uael-content-wrap-disabled\">\n\t\t\t\t\t\t\t<div class=\"uael-post__terms-wrap\"><span class=\"uael-post__terms\"><span class=\"uael-listing__terms-link\">Fl\u00fcchtlingshilfe<\/span><\/span><\/div>\n\t\t\t\t\t\t<h4 class=\"uael-post__title\">\n\n\t\t\n\t\t\t\t\t\t<a href=\"https:\/\/ht-ost.com\/ch\/reisebericht\/\" target=\"_self\">\n\t\t\t\tReisebericht\t\t\t<\/a>\n\n\t\t\t\t<\/h4>\n\t\t\t\t\t<div class=\"uael-post__meta-data\">\n\t\t\t\t\t<span class=\"uael-post__date\">\n\t\t\t\t\t\t\t\t\t\t\t\t\t<i aria-hidden=\"true\" class=\"fa fa-calendar\"><\/i>\t\t\t\t\t\t\t\t\t\n\t\t\t9. August 2022\t\t<\/span>\n\t\t\t\t<\/div>\n\t\t\n\t\t<div class=\"uael-post__excerpt\">\n\t\t\tLeben auf begrenzte Sicht, aber der Herr schenkt neue Perspektiven! Am 18. Juni machten wir uns mit einem kleinen Mitarbeiterteam von Deutschland aus auf den ...\t\t<\/div>\n\n\t\t\t\t\t<a class=\"uael-post__read-more elementor-button\" href=\"https:\/\/ht-ost.com\/ch\/reisebericht\/\" target=\"_self\" aria-labelledby=\"uael-post-17615\">\n\t\t\t\t\t<span class=\"elementor-button-content-wrapper\">\n\t\t\t\t\t\t\t\t\t\t\t\t\t\t<span class=\"elementor-button-icon elementor-align-icon-right\">\n\n\t\t\t\t\t\t\t\t\t<i aria-hidden=\"true\" class=\"fas fa-angle-right\"><\/i>\n\t\t\t\t\t\t\t\t<\/span>\n\t\t\t\t\t\t\t\t\t\t\t\t\t\n\t\t\t\t\t\t<span class=\"elementor-button-text\" id=uael-post-17615>Weiterlesen<\/span>\n\t\t\t\t\t<\/span>\n\t\t\t\t<\/a>\n\t\t\t\t\t\t<\/div>\n\t\t\t\n\t\t<\/div>\n\t\t\n\t<\/div>\n\n<\/div>\n\n<div class=\"uael-post-wrapper   fl\u00fcchtlingshilfe missionare patenschaften \">\n\t<div class=\"uael-post__bg-wrap uael-bg-wrap-disabled \">\n\n\t\t\t\t\n\t\t<div class=\"uael-post__inner-wrap uael-inner-wrap-disabled\">\n\n\t\t\t\t<div class=\"uael-post__thumbnail\">\n\t\t\t\n\t\t\t<a href=\"https:\/\/ht-ost.com\/ch\/moldawien-es-geht-weiter\/\" target=\"_self\" title=\"Moldawien &#8211; Es geht weiter\"><img loading=\"lazy\" decoding=\"async\" width=\"750\" height=\"500\" src=\"https:\/\/ht-ost.com\/wp-content\/uploads\/2022\/08\/moldawienhilft223.jpg\" class=\"attachment-medium_large size-medium_large wp-image-17159\" alt=\"\" srcset=\"https:\/\/ht-ost.com\/wp-content\/uploads\/2022\/08\/moldawienhilft223.jpg 750w, https:\/\/ht-ost.com\/wp-content\/uploads\/2022\/08\/moldawienhilft223-300x200.jpg 300w\" sizes=\"(max-width: 750px) 100vw, 750px\" \/><\/a>\n\t\t\t\t\t<\/div>\n\t\t\n\t\t\t\n\t\t\t<div class=\"uael-post__content-wrap uael-content-wrap-disabled\">\n\t\t\t\t\t\t\t<div class=\"uael-post__terms-wrap\"><span class=\"uael-post__terms\"><span class=\"uael-listing__terms-link\">Fl\u00fcchtlingshilfe<\/span><\/span><\/div>\n\t\t\t\t\t\t<h4 class=\"uael-post__title\">\n\n\t\t\n\t\t\t\t\t\t<a href=\"https:\/\/ht-ost.com\/ch\/moldawien-es-geht-weiter\/\" target=\"_self\">\n\t\t\t\tMoldawien &#8211; Es geht weiter\t\t\t<\/a>\n\n\t\t\t\t<\/h4>\n\t\t\t\t\t<div class=\"uael-post__meta-data\">\n\t\t\t\t\t<span class=\"uael-post__date\">\n\t\t\t\t\t\t\t\t\t\t\t\t\t<i aria-hidden=\"true\" class=\"fa fa-calendar\"><\/i>\t\t\t\t\t\t\t\t\t\n\t\t\t5. August 2022\t\t<\/span>\n\t\t\t\t<\/div>\n\t\t\n\t\t<div class=\"uael-post__excerpt\">\n\t\t\t\u00dcber die Situation im kleinen Nachbarland der Ukraine Auch in Moldawien sind die Auswirkungen des Krieges deutlich zu sp\u00fcren. Neben der Angst, dass sich die ...\t\t<\/div>\n\n\t\t\t\t\t<a class=\"uael-post__read-more elementor-button\" href=\"https:\/\/ht-ost.com\/ch\/moldawien-es-geht-weiter\/\" target=\"_self\" aria-labelledby=\"uael-post-17611\">\n\t\t\t\t\t<span class=\"elementor-button-content-wrapper\">\n\t\t\t\t\t\t\t\t\t\t\t\t\t\t<span class=\"elementor-button-icon elementor-align-icon-right\">\n\n\t\t\t\t\t\t\t\t\t<i aria-hidden=\"true\" class=\"fas fa-angle-right\"><\/i>\n\t\t\t\t\t\t\t\t<\/span>\n\t\t\t\t\t\t\t\t\t\t\t\t\t\n\t\t\t\t\t\t<span class=\"elementor-button-text\" id=uael-post-17611>Weiterlesen<\/span>\n\t\t\t\t\t<\/span>\n\t\t\t\t<\/a>\n\t\t\t\t\t\t<\/div>\n\t\t\t\n\t\t<\/div>\n\t\t\n\t<\/div>\n\n<\/div>\n\n<div class=\"uael-post-wrapper   missionare \">\n\t<div class=\"uael-post__bg-wrap uael-bg-wrap-disabled \">\n\n\t\t\t\t\n\t\t<div class=\"uael-post__inner-wrap uael-inner-wrap-disabled\">\n\n\t\t\t\t<div class=\"uael-post__thumbnail\">\n\t\t\t\n\t\t\t<a href=\"https:\/\/ht-ost.com\/ch\/neuer-mitarbeiter-im-team-deutschland\/\" target=\"_self\" title=\"Neuer Mitarbeiter im Team Deutschland\"><img loading=\"lazy\" decoding=\"async\" width=\"750\" height=\"500\" src=\"https:\/\/ht-ost.com\/wp-content\/uploads\/2022\/08\/neuermitarbeiter.jpg\" class=\"attachment-medium_large size-medium_large wp-image-17144\" alt=\"\" srcset=\"https:\/\/ht-ost.com\/wp-content\/uploads\/2022\/08\/neuermitarbeiter.jpg 750w, https:\/\/ht-ost.com\/wp-content\/uploads\/2022\/08\/neuermitarbeiter-300x200.jpg 300w\" sizes=\"(max-width: 750px) 100vw, 750px\" \/><\/a>\n\t\t\t\t\t<\/div>\n\t\t\n\t\t\t\n\t\t\t<div class=\"uael-post__content-wrap uael-content-wrap-disabled\">\n\t\t\t\t\t\t\t<div class=\"uael-post__terms-wrap\"><span class=\"uael-post__terms\"><span class=\"uael-listing__terms-link\">Missionare<\/span><\/span><\/div>\n\t\t\t\t\t\t<h4 class=\"uael-post__title\">\n\n\t\t\n\t\t\t\t\t\t<a href=\"https:\/\/ht-ost.com\/ch\/neuer-mitarbeiter-im-team-deutschland\/\" target=\"_self\">\n\t\t\t\tNeuer Mitarbeiter im Team Deutschland\t\t\t<\/a>\n\n\t\t\t\t<\/h4>\n\t\t\t\t\t<div class=\"uael-post__meta-data\">\n\t\t\t\t\t<span class=\"uael-post__date\">\n\t\t\t\t\t\t\t\t\t\t\t\t\t<i aria-hidden=\"true\" class=\"fa fa-calendar\"><\/i>\t\t\t\t\t\t\t\t\t\n\t\t\t3. August 2022\t\t<\/span>\n\t\t\t\t<\/div>\n\t\t\n\t\t<div class=\"uael-post__excerpt\">\n\t\t\tHallo, liebe Freunde! Wir sind Olga und Samuel mit Sohn Alexander und freuen uns, ganz neu bei Hoffnungstr\u00e4ger Ost mit dabei zu sein.Gott hat uns ...\t\t<\/div>\n\n\t\t\t\t\t<a class=\"uael-post__read-more elementor-button\" href=\"https:\/\/ht-ost.com\/ch\/neuer-mitarbeiter-im-team-deutschland\/\" target=\"_self\" aria-labelledby=\"uael-post-17609\">\n\t\t\t\t\t<span class=\"elementor-button-content-wrapper\">\n\t\t\t\t\t\t\t\t\t\t\t\t\t\t<span class=\"elementor-button-icon elementor-align-icon-right\">\n\n\t\t\t\t\t\t\t\t\t<i aria-hidden=\"true\" class=\"fas fa-angle-right\"><\/i>\n\t\t\t\t\t\t\t\t<\/span>\n\t\t\t\t\t\t\t\t\t\t\t\t\t\n\t\t\t\t\t\t<span class=\"elementor-button-text\" id=uael-post-17609>Weiterlesen<\/span>\n\t\t\t\t\t<\/span>\n\t\t\t\t<\/a>\n\t\t\t\t\t\t<\/div>\n\t\t\t\n\t\t<\/div>\n\t\t\n\t<\/div>\n\n<\/div>\n\n<div class=\"uael-post-wrapper   patenschaften \">\n\t<div class=\"uael-post__bg-wrap uael-bg-wrap-disabled \">\n\n\t\t\t\t\n\t\t<div class=\"uael-post__inner-wrap uael-inner-wrap-disabled\">\n\n\t\t\t\t<div class=\"uael-post__thumbnail\">\n\t\t\t\n\t\t\t<a href=\"https:\/\/ht-ost.com\/ch\/buntstifte-und-ausmalbibeln\/\" target=\"_self\" title=\"Buntstifte und Ausmalbibeln\"><img loading=\"lazy\" decoding=\"async\" width=\"750\" height=\"500\" src=\"https:\/\/ht-ost.com\/wp-content\/uploads\/2022\/08\/stifte.jpg\" class=\"attachment-medium_large size-medium_large wp-image-17124\" alt=\"\" srcset=\"https:\/\/ht-ost.com\/wp-content\/uploads\/2022\/08\/stifte.jpg 750w, https:\/\/ht-ost.com\/wp-content\/uploads\/2022\/08\/stifte-300x200.jpg 300w\" sizes=\"(max-width: 750px) 100vw, 750px\" \/><\/a>\n\t\t\t\t\t<\/div>\n\t\t\n\t\t\t\n\t\t\t<div class=\"uael-post__content-wrap uael-content-wrap-disabled\">\n\t\t\t\t\t\t\t<div class=\"uael-post__terms-wrap\"><span class=\"uael-post__terms\"><span class=\"uael-listing__terms-link\">Patenschaften<\/span><\/span><\/div>\n\t\t\t\t\t\t<h4 class=\"uael-post__title\">\n\n\t\t\n\t\t\t\t\t\t<a href=\"https:\/\/ht-ost.com\/ch\/buntstifte-und-ausmalbibeln\/\" target=\"_self\">\n\t\t\t\tBuntstifte und Ausmalbibeln\t\t\t<\/a>\n\n\t\t\t\t<\/h4>\n\t\t\t\t\t<div class=\"uael-post__meta-data\">\n\t\t\t\t\t<span class=\"uael-post__date\">\n\t\t\t\t\t\t\t\t\t\t\t\t\t<i aria-hidden=\"true\" class=\"fa fa-calendar\"><\/i>\t\t\t\t\t\t\t\t\t\n\t\t\t1. August 2022\t\t<\/span>\n\t\t\t\t<\/div>\n\t\t\n\t\t<div class=\"uael-post__excerpt\">\n\t\t\tIch m\u00f6chte Euch heute ein nachhaltiges Projekt ans Herz legen. Durch die grosse Fl\u00fcchtlingswelle in der Ukraine und Moldawien haben sich auch viele neue M\u00f6glichkeiten ...\t\t<\/div>\n\n\t\t\t\t\t<a class=\"uael-post__read-more elementor-button\" href=\"https:\/\/ht-ost.com\/ch\/buntstifte-und-ausmalbibeln\/\" target=\"_self\" aria-labelledby=\"uael-post-17601\">\n\t\t\t\t\t<span class=\"elementor-button-content-wrapper\">\n\t\t\t\t\t\t\t\t\t\t\t\t\t\t<span class=\"elementor-button-icon elementor-align-icon-right\">\n\n\t\t\t\t\t\t\t\t\t<i aria-hidden=\"true\" class=\"fas fa-angle-right\"><\/i>\n\t\t\t\t\t\t\t\t<\/span>\n\t\t\t\t\t\t\t\t\t\t\t\t\t\n\t\t\t\t\t\t<span class=\"elementor-button-text\" id=uael-post-17601>Weiterlesen<\/span>\n\t\t\t\t\t<\/span>\n\t\t\t\t<\/a>\n\t\t\t\t\t\t<\/div>\n\t\t\t\n\t\t<\/div>\n\t\t\n\t<\/div>\n\n<\/div>\n\t\t\t\t<\/div>\n\t\t\t\t\t\t\n\t\t<\/div>\n\n\t\t\t\t\t\t<\/div>\n\t\t<div class=\"uael-post__footer\">\n\t\t\t\t\t<\/div>\n\t\t\t\t\t\t<\/div>\n\t\t\t\t<\/div>\n\t\t\t\t\t<\/div>\n\t\t<\/div>\n\t\t\t\t\t<\/div>\n\t\t<\/section>\n\t\t\t\t<\/div>\n\t\t","protected":false},"excerpt":{"rendered":"<p>Eine besondere Freude f\u00fcr uns ist, dass in diesem Jahr in ganz Moldawien wieder 17 Kinderfreizeiten stattfinden konnten und sich hunderte Kinder in dem von Armut geplagten Land trafen, um durch die christliche Botschaft und das fr\u00f6hliche Miteinander Hoffnung und [&hellip;]<\/p>\n","protected":false},"author":1,"featured_media":17129,"comment_status":"closed","ping_status":"closed","sticky":false,"template":"","format":"standard","meta":{"site-sidebar-layout":"default","site-content-layout":"","ast-site-content-layout":"default","site-content-style":"default","site-sidebar-style":"default","ast-global-header-display":"","ast-banner-title-visibility":"","ast-main-header-display":"","ast-hfb-above-header-display":"","ast-hfb-below-header-display":"","ast-hfb-mobile-header-display":"","site-post-title":"","ast-breadcrumbs-content":"","ast-featured-img":"","footer-sml-layout":"","ast-disable-related-posts":"","theme-transparent-header-meta":"disabled","adv-header-id-meta":"","stick-header-meta":"disabled","header-above-stick-meta":"","header-main-stick-meta":"","header-below-stick-meta":"","astra-migrate-meta-layouts":"default","ast-page-background-enabled":"default","ast-page-background-meta":{"desktop":{"background-color":"","background-image":"","background-repeat":"repeat","background-position":"center center","background-size":"auto","background-attachment":"scroll","background-type":"","background-media":"","overlay-type":"","overlay-color":"","overlay-opacity":"","overlay-gradient":""},"tablet":{"background-color":"","background-image":"","background-repeat":"repeat","background-position":"center center","background-size":"auto","background-attachment":"scroll","background-type":"","background-media":"","overlay-type":"","overlay-color":"","overlay-opacity":"","overlay-gradient":""},"mobile":{"background-color":"","background-image":"","background-repeat":"repeat","background-position":"center center","background-size":"auto","background-attachment":"scroll","background-type":"","background-media":"","overlay-type":"","overlay-color":"","overlay-opacity":"","overlay-gradient":""}},"ast-content-background-meta":{"desktop":{"background-color":"var(--ast-global-color-5)","background-image":"","background-repeat":"repeat","background-position":"center center","background-size":"auto","background-attachment":"scroll","background-type":"","background-media":"","overlay-type":"","overlay-color":"","overlay-opacity":"","overlay-gradient":""},"tablet":{"background-color":"var(--ast-global-color-5)","background-image":"","background-repeat":"repeat","background-position":"center center","background-size":"auto","background-attachment":"scroll","background-type":"","background-media":"","overlay-type":"","overlay-color":"","overlay-opacity":"","overlay-gradient":""},"mobile":{"background-color":"var(--ast-global-color-5)","background-image":"","background-repeat":"repeat","background-position":"center center","background-size":"auto","background-attachment":"scroll","background-type":"","background-media":"","overlay-type":"","overlay-color":"","overlay-opacity":"","overlay-gradient":""}},"footnotes":""},"categories":[70],"tags":[],"class_list":["post-17619","post","type-post","status-publish","format-standard","has-post-thumbnail","hentry","category-kinderfreizeiten-ch"],"_links":{"self":[{"href":"https:\/\/ht-ost.com\/ch\/wp-json\/wp\/v2\/posts\/17619","targetHints":{"allow":["GET"]}}],"collection":[{"href":"https:\/\/ht-ost.com\/ch\/wp-json\/wp\/v2\/posts"}],"about":[{"href":"https:\/\/ht-ost.com\/ch\/wp-json\/wp\/v2\/types\/post"}],"author":[{"embeddable":true,"href":"https:\/\/ht-ost.com\/ch\/wp-json\/wp\/v2\/users\/1"}],"replies":[{"embeddable":true,"href":"https:\/\/ht-ost.com\/ch\/wp-json\/wp\/v2\/comments?post=17619"}],"version-history":[{"count":5,"href":"https:\/\/ht-ost.com\/ch\/wp-json\/wp\/v2\/posts\/17619\/revisions"}],"predecessor-version":[{"id":17624,"href":"https:\/\/ht-ost.com\/ch\/wp-json\/wp\/v2\/posts\/17619\/revisions\/17624"}],"wp:featuredmedia":[{"embeddable":true,"href":"https:\/\/ht-ost.com\/ch\/wp-json\/wp\/v2\/media\/17129"}],"wp:attachment":[{"href":"https:\/\/ht-ost.com\/ch\/wp-json\/wp\/v2\/media?parent=17619"}],"wp:term":[{"taxonomy":"category","embeddable":true,"href":"https:\/\/ht-ost.com\/ch\/wp-json\/wp\/v2\/categories?post=17619"},{"taxonomy":"post_tag","embeddable":true,"href":"https:\/\/ht-ost.com\/ch\/wp-json\/wp\/v2\/tags?post=17619"}],"curies":[{"name":"wp","href":"https:\/\/api.w.org\/{rel}","templated":true}]}}