{"id":13260,"date":"2022-02-07T16:30:00","date_gmt":"2022-02-07T15:30:00","guid":{"rendered":"https:\/\/ht-ost.com\/?p=13260"},"modified":"2022-02-14T11:03:23","modified_gmt":"2022-02-14T10:03:23","slug":"neuanfang-in-einer-sterbenden-stadt","status":"publish","type":"post","link":"https:\/\/ht-ost.com\/de\/neuanfang-in-einer-sterbenden-stadt\/","title":{"rendered":"Neuanfang in einer sterbenden Stadt"},"content":{"rendered":"\t\t<div data-elementor-type=\"wp-post\" data-elementor-id=\"13260\" class=\"elementor elementor-13260\">\n\t\t\t\t\t\t<section class=\"elementor-section elementor-top-section elementor-element elementor-element-1ede458 elementor-section-boxed elementor-section-height-default elementor-section-height-default\" data-id=\"1ede458\" data-element_type=\"section\" data-e-type=\"section\">\n\t\t\t\t\t\t<div class=\"elementor-container elementor-column-gap-no\">\n\t\t\t\t\t<div class=\"elementor-column elementor-col-100 elementor-top-column elementor-element elementor-element-903b08b\" data-id=\"903b08b\" data-element_type=\"column\" data-e-type=\"column\">\n\t\t\t<div class=\"elementor-widget-wrap elementor-element-populated\">\n\t\t\t\t\t\t<div class=\"elementor-element elementor-element-b08de43 elementor-widget elementor-widget-image\" data-id=\"b08de43\" data-element_type=\"widget\" data-e-type=\"widget\" data-widget_type=\"image.default\">\n\t\t\t\t<div class=\"elementor-widget-container\">\n\t\t\t\t\t\t\t\t\t\t\t\t\t\t\t<img fetchpriority=\"high\" decoding=\"async\" width=\"1024\" height=\"442\" src=\"https:\/\/ht-ost.com\/wp-content\/uploads\/2022\/02\/2022-01-07-Priwolje-Gemeinde-Grigori-Reuka-38-e1644417238347-1024x442.jpg\" class=\"attachment-large size-large wp-image-13307\" alt=\"\" srcset=\"https:\/\/ht-ost.com\/wp-content\/uploads\/2022\/02\/2022-01-07-Priwolje-Gemeinde-Grigori-Reuka-38-e1644417238347-1024x442.jpg 1024w, https:\/\/ht-ost.com\/wp-content\/uploads\/2022\/02\/2022-01-07-Priwolje-Gemeinde-Grigori-Reuka-38-e1644417238347-300x130.jpg 300w, https:\/\/ht-ost.com\/wp-content\/uploads\/2022\/02\/2022-01-07-Priwolje-Gemeinde-Grigori-Reuka-38-e1644417238347-768x332.jpg 768w, https:\/\/ht-ost.com\/wp-content\/uploads\/2022\/02\/2022-01-07-Priwolje-Gemeinde-Grigori-Reuka-38-e1644417238347.jpg 1500w\" sizes=\"(max-width: 1024px) 100vw, 1024px\" \/>\t\t\t\t\t\t\t\t\t\t\t\t\t\t\t<\/div>\n\t\t\t\t<\/div>\n\t\t\t\t<div class=\"elementor-element elementor-element-c334083 elementor-widget elementor-widget-text-editor\" data-id=\"c334083\" data-element_type=\"widget\" data-e-type=\"widget\" data-widget_type=\"text-editor.default\">\n\t\t\t\t<div class=\"elementor-widget-container\">\n\t\t\t\t\t\t\t\t\t<p>Priwolje, eine kleine ostukrainische Stadt im Gebiet Lugansk, liegt nahe der weiterhin umk\u00e4mpften Frontlinie und war in der Vergangenheit auf dramatische Weise auch direkt von den Kampfhandlungen betroffen. Noch heute sieht man zerst\u00f6rte oder leerstehende Geb\u00e4ude, selbst die Schule wurde von einer Rakete getroffen. Durch den Krieg kam Armut und Arbeitslosigkeit \u00fcber die Menschen und viele sind aus der Stadt und der ganzen Region geflohen.<\/p><p><strong>Auch die Gemeinde ist betroffen<\/strong><br \/>Auch die \u00f6rtliche Gemeinde blieb davon nicht unber\u00fchrt. Fast alle Christen waren geflohen und das Gemeindehaus verfiel und wurde zu einem weiteren Symbol des Verfalls und der Hoffnungslosigkeit dieser Stadt. Als das Gemeindehaus im Mai 2021 schlie\u00dflich noch einem Brand zum Opfer fiel, der von Obdachlosen verursacht worden war, war der Gemeindepastor Gregorij Reuka so entmutigt, dass er nahe dran war, das Gemeindehaus aufzugeben.<\/p><p><strong>Eine neue Chance er\u00f6ffnet sich<\/strong><br \/>In dieser schwierigen Phase \u00f6ffnete Gott eine neue T\u00fcr:<br \/>Christen aus der ganzen Region kamen, um zu helfen und den wenigen verbliebenen Geschwistern in Priwolje zur Seite zu stehen. Unter ihnen auch die Missionare Lena und Grischa Riasni sowie Natascha und Anton Woloschin, die mit ihren zahlreichen Helfern die Gemeinde in Priwolje dabei unterst\u00fctzten, neue Visionen zu entwickeln und tragf\u00e4hige Projekte f\u00fcr Stadt und Gemeinde ins Leben zu rufen.<\/p>\t\t\t\t\t\t\t\t<\/div>\n\t\t\t\t<\/div>\n\t\t\t\t<div class=\"elementor-element elementor-element-6aa06b0 uael-img-grid__column-2 uael-img-grid-mobile__column-1 uael-img-grid-tablet__column-3 uael-ins-normal elementor-widget elementor-widget-uael-image-gallery\" data-id=\"6aa06b0\" data-element_type=\"widget\" data-e-type=\"widget\" data-settings=\"{&quot;gallery_columns&quot;:&quot;2&quot;,&quot;gallery_columns_mobile&quot;:&quot;1&quot;,&quot;gallery_columns_tablet&quot;:&quot;3&quot;,&quot;column_gap&quot;:{&quot;unit&quot;:&quot;px&quot;,&quot;size&quot;:20,&quot;sizes&quot;:[]},&quot;column_gap_tablet&quot;:{&quot;unit&quot;:&quot;px&quot;,&quot;size&quot;:&quot;&quot;,&quot;sizes&quot;:[]},&quot;column_gap_mobile&quot;:{&quot;unit&quot;:&quot;px&quot;,&quot;size&quot;:&quot;&quot;,&quot;sizes&quot;:[]},&quot;row_gap&quot;:{&quot;unit&quot;:&quot;px&quot;,&quot;size&quot;:20,&quot;sizes&quot;:[]},&quot;row_gap_tablet&quot;:{&quot;unit&quot;:&quot;px&quot;,&quot;size&quot;:&quot;&quot;,&quot;sizes&quot;:[]},&quot;row_gap_mobile&quot;:{&quot;unit&quot;:&quot;px&quot;,&quot;size&quot;:&quot;&quot;,&quot;sizes&quot;:[]}}\" data-widget_type=\"uael-image-gallery.default\">\n\t\t\t\t<div class=\"elementor-widget-container\">\n\t\t\t\t\t<div class=\"uael-gallery-parent uael-caption- uael-gallery-unjustified\"><div class=\"uael-img-gallery-wrap uael-img-masonry-wrap uael-img-grid-masonry-wrap uael-masonry\" data-filter-default=\"All\"><div class=\"uael-grid-item  uael-img-gallery-item-1\"><div class=\"uael-grid-item-content\"><figure class=\"uael-grid-img uael-grid-gallery-img uael-ins-hover elementor-clickable\"><div class=\"uael-grid-img-thumbnail uael-ins-target\"><img decoding=\"async\" width=\"1500\" height=\"1125\" src=\"https:\/\/ht-ost.com\/wp-content\/uploads\/2022\/02\/2022-01-07-Priwolje-Gemeinde-Grigori-Reuka-88.jpg\" class=\"attachment-full size-full wp-image-13327\" alt=\"\" srcset=\"https:\/\/ht-ost.com\/wp-content\/uploads\/2022\/02\/2022-01-07-Priwolje-Gemeinde-Grigori-Reuka-88.jpg 1500w, https:\/\/ht-ost.com\/wp-content\/uploads\/2022\/02\/2022-01-07-Priwolje-Gemeinde-Grigori-Reuka-88-300x225.jpg 300w, https:\/\/ht-ost.com\/wp-content\/uploads\/2022\/02\/2022-01-07-Priwolje-Gemeinde-Grigori-Reuka-88-1024x768.jpg 1024w, https:\/\/ht-ost.com\/wp-content\/uploads\/2022\/02\/2022-01-07-Priwolje-Gemeinde-Grigori-Reuka-88-768x576.jpg 768w\" sizes=\"(max-width: 1500px) 100vw, 1500px\" \/><\/div><div class=\"uael-grid-img-overlay\"><\/div><\/figure><\/div><\/div><div class=\"uael-grid-item  uael-img-gallery-item-2\"><div class=\"uael-grid-item-content\"><figure class=\"uael-grid-img uael-grid-gallery-img uael-ins-hover elementor-clickable\"><div class=\"uael-grid-img-thumbnail uael-ins-target\"><img decoding=\"async\" width=\"1500\" height=\"1125\" src=\"https:\/\/ht-ost.com\/wp-content\/uploads\/2022\/02\/2022-01-07-Priwolje-Gemeinde-Grigori-Reuka-111.jpg\" class=\"attachment-full size-full wp-image-13332\" alt=\"\" srcset=\"https:\/\/ht-ost.com\/wp-content\/uploads\/2022\/02\/2022-01-07-Priwolje-Gemeinde-Grigori-Reuka-111.jpg 1500w, https:\/\/ht-ost.com\/wp-content\/uploads\/2022\/02\/2022-01-07-Priwolje-Gemeinde-Grigori-Reuka-111-300x225.jpg 300w, https:\/\/ht-ost.com\/wp-content\/uploads\/2022\/02\/2022-01-07-Priwolje-Gemeinde-Grigori-Reuka-111-1024x768.jpg 1024w, https:\/\/ht-ost.com\/wp-content\/uploads\/2022\/02\/2022-01-07-Priwolje-Gemeinde-Grigori-Reuka-111-768x576.jpg 768w\" sizes=\"(max-width: 1500px) 100vw, 1500px\" \/><\/div><div class=\"uael-grid-img-overlay\"><\/div><\/figure><\/div><\/div><div class=\"uael-grid-item  uael-img-gallery-item-3\"><div class=\"uael-grid-item-content\"><figure class=\"uael-grid-img uael-grid-gallery-img uael-ins-hover elementor-clickable\"><div class=\"uael-grid-img-thumbnail uael-ins-target\"><img loading=\"lazy\" decoding=\"async\" width=\"1500\" height=\"1125\" src=\"https:\/\/ht-ost.com\/wp-content\/uploads\/2022\/02\/2022-01-07-Priwolje-Gemeinde-Grigori-Reuka-115.jpg\" class=\"attachment-full size-full wp-image-13337\" alt=\"\" srcset=\"https:\/\/ht-ost.com\/wp-content\/uploads\/2022\/02\/2022-01-07-Priwolje-Gemeinde-Grigori-Reuka-115.jpg 1500w, https:\/\/ht-ost.com\/wp-content\/uploads\/2022\/02\/2022-01-07-Priwolje-Gemeinde-Grigori-Reuka-115-300x225.jpg 300w, https:\/\/ht-ost.com\/wp-content\/uploads\/2022\/02\/2022-01-07-Priwolje-Gemeinde-Grigori-Reuka-115-1024x768.jpg 1024w, https:\/\/ht-ost.com\/wp-content\/uploads\/2022\/02\/2022-01-07-Priwolje-Gemeinde-Grigori-Reuka-115-768x576.jpg 768w\" sizes=\"(max-width: 1500px) 100vw, 1500px\" \/><\/div><div class=\"uael-grid-img-overlay\"><\/div><\/figure><\/div><\/div><div class=\"uael-grid-item  uael-img-gallery-item-4\"><div class=\"uael-grid-item-content\"><figure class=\"uael-grid-img uael-grid-gallery-img uael-ins-hover elementor-clickable\"><div class=\"uael-grid-img-thumbnail uael-ins-target\"><img loading=\"lazy\" decoding=\"async\" width=\"1500\" height=\"1125\" src=\"https:\/\/ht-ost.com\/wp-content\/uploads\/2022\/02\/2022-01-07-Priwolje-Gemeinde-Grigori-Reuka-75.jpg\" class=\"attachment-full size-full wp-image-13317\" alt=\"\" srcset=\"https:\/\/ht-ost.com\/wp-content\/uploads\/2022\/02\/2022-01-07-Priwolje-Gemeinde-Grigori-Reuka-75.jpg 1500w, https:\/\/ht-ost.com\/wp-content\/uploads\/2022\/02\/2022-01-07-Priwolje-Gemeinde-Grigori-Reuka-75-300x225.jpg 300w, https:\/\/ht-ost.com\/wp-content\/uploads\/2022\/02\/2022-01-07-Priwolje-Gemeinde-Grigori-Reuka-75-1024x768.jpg 1024w, https:\/\/ht-ost.com\/wp-content\/uploads\/2022\/02\/2022-01-07-Priwolje-Gemeinde-Grigori-Reuka-75-768x576.jpg 768w\" sizes=\"(max-width: 1500px) 100vw, 1500px\" \/><\/div><div class=\"uael-grid-img-overlay\"><\/div><\/figure><\/div><\/div><\/div><\/div>\t\t\t\t<\/div>\n\t\t\t\t<\/div>\n\t\t\t\t<div class=\"elementor-element elementor-element-b7ab612 elementor-widget elementor-widget-text-editor\" data-id=\"b7ab612\" data-element_type=\"widget\" data-e-type=\"widget\" data-widget_type=\"text-editor.default\">\n\t\t\t\t<div class=\"elementor-widget-container\">\n\t\t\t\t\t\t\t\t\t<p><strong>Renovierung und eine Freizeit<\/strong><br \/>Mit Hilfe von Spenden und Baueins\u00e4tzen konnte schlie\u00dflich auch das Gemeindehaus wieder renoviert und f\u00fcr die Gottesdienste hergerichtet werden. Eine bereits geplante Kinderfreizeit, die fast abgesagt worden war, war nun doch m\u00f6glich und konnte zum Segen und zur Freude f\u00fcr viele Kinder dieser von Krieg und Not geplagten Stadt stattfinden. Die meisten dieser Kinder kamen aus bed\u00fcrftigen Familien und hatten keinen christlichen Bezug. Nach dieser Freizeit, wo sie endlich mal wieder unbek\u00fcmmert basteln und spielen konnten, gut verk\u00f6stigt wurden und viel von Jesus h\u00f6rten, gingen viele von ihnen voller Freude wieder nach Hause und erz\u00e4hlten ihren Eltern und Freunden von ihren gro\u00dfartigen Erlebnissen.<\/p><p><strong>Start einer neuen Sonntagsschule<\/strong><br \/>Um diese Kinder nicht zu verlieren, begann die Gemeinde mit einer Sonntagsschule im frisch renovierten Gemeindehaus. Seitdem kommen regelm\u00e4\u00dfig bis zu 20 Kinder und ca. weitere 15 kommen noch sporadisch dazu. Die Kinder und ihre Familien sind sehr froh \u00fcber diese M\u00f6glichkeit. So kamen viele von ihnen im September auch zum Erntedankfest und beteiligten sich auch am Gottesdienstprogramm.<\/p><p><strong>Start des Patenschaftsprojektes<\/strong><br \/>Dank des \u201eKinderpatenschaftsprojekts\u201c, das in der Stadt Privolye begann, entstanden dort viele neue Beziehungen zu den Menschen, die der Pastor und die Gemeinde sonst nie kennen gelernt h\u00e4tten. Normalerweise werden Lebensmittel und Hilfsg\u00fcter zu den Menschen nach Hause gebracht, gelegentlich kommt es auch dazu, dass betroffene Familie in die Gemeinde eingeladen werden, wo kleine Gottesdienste speziell f\u00fcr sie abgehalten werden. Die Leute kommen gern und freiwillig, einige haben sich schon bekehrt und Bu\u00dfe getan. Inzwischen sind es 20 Kinder, die mit Lebensmitteln und dem N\u00f6tigsten versorgt werden und es werden immer mehr.<\/p>\t\t\t\t\t\t\t\t<\/div>\n\t\t\t\t<\/div>\n\t\t\t\t<div class=\"elementor-element elementor-element-2ff777f uael-img-grid__column-1 uael-img-grid-mobile__column-1 uael-img-grid-tablet__column-3 uael-ins-normal elementor-widget elementor-widget-uael-image-gallery\" data-id=\"2ff777f\" data-element_type=\"widget\" data-e-type=\"widget\" data-settings=\"{&quot;gallery_columns&quot;:&quot;1&quot;,&quot;gallery_columns_mobile&quot;:&quot;1&quot;,&quot;gallery_columns_tablet&quot;:&quot;3&quot;,&quot;column_gap&quot;:{&quot;unit&quot;:&quot;px&quot;,&quot;size&quot;:20,&quot;sizes&quot;:[]},&quot;column_gap_tablet&quot;:{&quot;unit&quot;:&quot;px&quot;,&quot;size&quot;:&quot;&quot;,&quot;sizes&quot;:[]},&quot;column_gap_mobile&quot;:{&quot;unit&quot;:&quot;px&quot;,&quot;size&quot;:&quot;&quot;,&quot;sizes&quot;:[]},&quot;row_gap&quot;:{&quot;unit&quot;:&quot;px&quot;,&quot;size&quot;:20,&quot;sizes&quot;:[]},&quot;row_gap_tablet&quot;:{&quot;unit&quot;:&quot;px&quot;,&quot;size&quot;:&quot;&quot;,&quot;sizes&quot;:[]},&quot;row_gap_mobile&quot;:{&quot;unit&quot;:&quot;px&quot;,&quot;size&quot;:&quot;&quot;,&quot;sizes&quot;:[]}}\" data-widget_type=\"uael-image-gallery.default\">\n\t\t\t\t<div class=\"elementor-widget-container\">\n\t\t\t\t\t<div class=\"uael-gallery-parent uael-caption- uael-gallery-unjustified\"><div class=\"uael-img-gallery-wrap uael-img-masonry-wrap uael-img-grid-masonry-wrap uael-masonry\" data-filter-default=\"All\"><div class=\"uael-grid-item  uael-img-gallery-item-1\"><div class=\"uael-grid-item-content\"><figure class=\"uael-grid-img uael-grid-gallery-img uael-ins-hover elementor-clickable\"><div class=\"uael-grid-img-thumbnail uael-ins-target\"><img loading=\"lazy\" decoding=\"async\" width=\"1500\" height=\"791\" src=\"https:\/\/ht-ost.com\/wp-content\/uploads\/2022\/02\/2022-01-07-Priwolje-Gemeinde-Grigori-Reuka-20-e1644417468760.jpg\" class=\"attachment-full size-full wp-image-13302\" alt=\"\" srcset=\"https:\/\/ht-ost.com\/wp-content\/uploads\/2022\/02\/2022-01-07-Priwolje-Gemeinde-Grigori-Reuka-20-e1644417468760.jpg 1500w, https:\/\/ht-ost.com\/wp-content\/uploads\/2022\/02\/2022-01-07-Priwolje-Gemeinde-Grigori-Reuka-20-e1644417468760-300x158.jpg 300w, https:\/\/ht-ost.com\/wp-content\/uploads\/2022\/02\/2022-01-07-Priwolje-Gemeinde-Grigori-Reuka-20-e1644417468760-1024x540.jpg 1024w, https:\/\/ht-ost.com\/wp-content\/uploads\/2022\/02\/2022-01-07-Priwolje-Gemeinde-Grigori-Reuka-20-e1644417468760-768x405.jpg 768w\" sizes=\"(max-width: 1500px) 100vw, 1500px\" \/><\/div><div class=\"uael-grid-img-overlay\"><\/div><\/figure><\/div><\/div><div class=\"uael-grid-item  uael-img-gallery-item-2\"><div class=\"uael-grid-item-content\"><figure class=\"uael-grid-img uael-grid-gallery-img uael-ins-hover elementor-clickable\"><div class=\"uael-grid-img-thumbnail uael-ins-target\"><img loading=\"lazy\" decoding=\"async\" width=\"1500\" height=\"1000\" src=\"https:\/\/ht-ost.com\/wp-content\/uploads\/2022\/02\/2021-07-11-Komischewaha-u.-Priwolje-Kinderfreizeiten-19.jpg\" class=\"attachment-full size-full wp-image-13277\" alt=\"\" srcset=\"https:\/\/ht-ost.com\/wp-content\/uploads\/2022\/02\/2021-07-11-Komischewaha-u.-Priwolje-Kinderfreizeiten-19.jpg 1500w, https:\/\/ht-ost.com\/wp-content\/uploads\/2022\/02\/2021-07-11-Komischewaha-u.-Priwolje-Kinderfreizeiten-19-300x200.jpg 300w, https:\/\/ht-ost.com\/wp-content\/uploads\/2022\/02\/2021-07-11-Komischewaha-u.-Priwolje-Kinderfreizeiten-19-1024x683.jpg 1024w, https:\/\/ht-ost.com\/wp-content\/uploads\/2022\/02\/2021-07-11-Komischewaha-u.-Priwolje-Kinderfreizeiten-19-768x512.jpg 768w\" sizes=\"(max-width: 1500px) 100vw, 1500px\" \/><\/div><div class=\"uael-grid-img-overlay\"><\/div><\/figure><\/div><\/div><\/div><\/div>\t\t\t\t<\/div>\n\t\t\t\t<\/div>\n\t\t\t\t<div class=\"elementor-element elementor-element-3842cef elementor-widget elementor-widget-text-editor\" data-id=\"3842cef\" data-element_type=\"widget\" data-e-type=\"widget\" data-widget_type=\"text-editor.default\">\n\t\t\t\t<div class=\"elementor-widget-container\">\n\t\t\t\t\t\t\t\t\t<p><strong>Hilfe f\u00fcr Alte und Bed\u00fcrftige<\/strong><br \/>Daneben konnte aber auch anderen Bed\u00fcrftigen geholfen werden. Mit Hilfe von Hoffnungstr\u00e4ger Ost und vielen Christen aus dem Ausland, die f\u00fcr den Dienst in Priwolje spenden und beten, konnten Elektroheizungen und Bettw\u00e4sche, Kartoffeln, Kohle, Brennholz, Weihnachtsgeschenke, Bettw\u00e4sche, Lebensmittel- und Hygienepakete verteilt werden. All diese vielf\u00e4ltige Hilfe w\u00e4re ohne die Unterst\u00fctzung von anderen oft weit weg lebenden Christen und der Mission Hoffnungstr\u00e4ger Ost nicht m\u00f6glich gewesen, da die kleine Gemeinde niemals in der Lage gewesen w\u00e4re, auch nur einen Teil davon selbst aufzubringen.<br \/>Neue M\u00f6glichkeiten \u2013 sogar \u00fcber die Stadt hinaus.<br \/>Vielmehr hatte der Pastor und die wenigen verbliebenen Geschwister der Gemeinde um ihre eigene Existenz k\u00e4mpfen m\u00fcssen. Inzwischen ist Pastor Grigorij Reuka gemeinsam mit seiner Familie ganz neu in seinem Dienst angekommen und sogar Willens und in der Lage, die Gemeinde in der nahe gelegenen Stadt Rubizhne mit zu unterst\u00fctzen, um den dortigen Pastor zu entlasten.<br \/>Die Entwicklungen zeigen uns deutlich, dass bei Gott nichts unm\u00f6glich ist und wir sein Eingreifen immer erwarten k\u00f6nnen!<br \/>Gerade dann, wenn aus menschlicher Sicht gar nichts mehr geht, geschehen Wunder.<\/p><p>Dieser Bericht soll einerseits zur Ermutigung dienen, ist aber auch als Dank zu verstehen, f\u00fcr alle, die unseren Dienst unterst\u00fctzen, indem sie f\u00fcr die Menschen in der Ukraine beten und geben.<br \/>Die Entwicklungen in Priwolje k\u00f6nnen uns aber auch zur Motivation dienen, weiter f\u00fcr Pastor Gregorij Reuka, seine Gemeinde und die Menschen der Stadt zu beten und dass dort noch mehr Menschen geholfen wird und noch weitere zu Jesus finden.<br \/>Die Grundlage ist geschaffen. Nun ist es an der Zeit, daf\u00fcr zu beten und Gott zu vertrauen, dass sich all dies auf die Menschen der Stadt auswirkt.<\/p>\t\t\t\t\t\t\t\t<\/div>\n\t\t\t\t<\/div>\n\t\t\t\t<div class=\"elementor-element elementor-element-6b77c20 uael-img-grid__column-2 uael-img-grid-mobile__column-1 uael-img-grid-tablet__column-3 uael-ins-normal elementor-widget elementor-widget-uael-image-gallery\" data-id=\"6b77c20\" data-element_type=\"widget\" data-e-type=\"widget\" data-settings=\"{&quot;gallery_columns&quot;:&quot;2&quot;,&quot;gallery_columns_mobile&quot;:&quot;1&quot;,&quot;gallery_columns_tablet&quot;:&quot;3&quot;,&quot;column_gap&quot;:{&quot;unit&quot;:&quot;px&quot;,&quot;size&quot;:20,&quot;sizes&quot;:[]},&quot;column_gap_tablet&quot;:{&quot;unit&quot;:&quot;px&quot;,&quot;size&quot;:&quot;&quot;,&quot;sizes&quot;:[]},&quot;column_gap_mobile&quot;:{&quot;unit&quot;:&quot;px&quot;,&quot;size&quot;:&quot;&quot;,&quot;sizes&quot;:[]},&quot;row_gap&quot;:{&quot;unit&quot;:&quot;px&quot;,&quot;size&quot;:20,&quot;sizes&quot;:[]},&quot;row_gap_tablet&quot;:{&quot;unit&quot;:&quot;px&quot;,&quot;size&quot;:&quot;&quot;,&quot;sizes&quot;:[]},&quot;row_gap_mobile&quot;:{&quot;unit&quot;:&quot;px&quot;,&quot;size&quot;:&quot;&quot;,&quot;sizes&quot;:[]}}\" data-widget_type=\"uael-image-gallery.default\">\n\t\t\t\t<div class=\"elementor-widget-container\">\n\t\t\t\t\t<div class=\"uael-gallery-parent uael-caption- uael-gallery-unjustified\"><div class=\"uael-img-gallery-wrap uael-img-masonry-wrap uael-img-grid-masonry-wrap uael-masonry\" data-filter-default=\"All\"><div class=\"uael-grid-item  uael-img-gallery-item-1\"><div class=\"uael-grid-item-content\"><figure class=\"uael-grid-img uael-grid-gallery-img uael-ins-hover elementor-clickable\"><div class=\"uael-grid-img-thumbnail uael-ins-target\"><img loading=\"lazy\" decoding=\"async\" width=\"1125\" height=\"1500\" src=\"https:\/\/ht-ost.com\/wp-content\/uploads\/2022\/02\/2022-01-07-Priwolje-Gemeinde-Grigori-Reuka-83.jpg\" class=\"attachment-full size-full wp-image-13322\" alt=\"\" srcset=\"https:\/\/ht-ost.com\/wp-content\/uploads\/2022\/02\/2022-01-07-Priwolje-Gemeinde-Grigori-Reuka-83.jpg 1125w, https:\/\/ht-ost.com\/wp-content\/uploads\/2022\/02\/2022-01-07-Priwolje-Gemeinde-Grigori-Reuka-83-225x300.jpg 225w, https:\/\/ht-ost.com\/wp-content\/uploads\/2022\/02\/2022-01-07-Priwolje-Gemeinde-Grigori-Reuka-83-768x1024.jpg 768w\" sizes=\"(max-width: 1125px) 100vw, 1125px\" \/><\/div><div class=\"uael-grid-img-overlay\"><\/div><\/figure><\/div><\/div><div class=\"uael-grid-item  uael-img-gallery-item-2\"><div class=\"uael-grid-item-content\"><figure class=\"uael-grid-img uael-grid-gallery-img uael-ins-hover elementor-clickable\"><div class=\"uael-grid-img-thumbnail uael-ins-target\"><img loading=\"lazy\" decoding=\"async\" width=\"1125\" height=\"1500\" src=\"https:\/\/ht-ost.com\/wp-content\/uploads\/2022\/02\/2021-12-04-Priwolje-Kartoffeln-Grigori-Reuka-4.jpg\" class=\"attachment-full size-full wp-image-13287\" alt=\"\" srcset=\"https:\/\/ht-ost.com\/wp-content\/uploads\/2022\/02\/2021-12-04-Priwolje-Kartoffeln-Grigori-Reuka-4.jpg 1125w, https:\/\/ht-ost.com\/wp-content\/uploads\/2022\/02\/2021-12-04-Priwolje-Kartoffeln-Grigori-Reuka-4-225x300.jpg 225w, https:\/\/ht-ost.com\/wp-content\/uploads\/2022\/02\/2021-12-04-Priwolje-Kartoffeln-Grigori-Reuka-4-768x1024.jpg 768w\" sizes=\"(max-width: 1125px) 100vw, 1125px\" \/><\/div><div class=\"uael-grid-img-overlay\"><\/div><\/figure><\/div><\/div><div class=\"uael-grid-item  uael-img-gallery-item-3\"><div class=\"uael-grid-item-content\"><figure class=\"uael-grid-img uael-grid-gallery-img uael-ins-hover elementor-clickable\"><div class=\"uael-grid-img-thumbnail uael-ins-target\"><img loading=\"lazy\" decoding=\"async\" width=\"1500\" height=\"1125\" src=\"https:\/\/ht-ost.com\/wp-content\/uploads\/2022\/02\/2022-01-07-Priwolje-Gemeinde-Grigori-Reuka-3.jpg\" class=\"attachment-full size-full wp-image-13292\" alt=\"\" srcset=\"https:\/\/ht-ost.com\/wp-content\/uploads\/2022\/02\/2022-01-07-Priwolje-Gemeinde-Grigori-Reuka-3.jpg 1500w, https:\/\/ht-ost.com\/wp-content\/uploads\/2022\/02\/2022-01-07-Priwolje-Gemeinde-Grigori-Reuka-3-300x225.jpg 300w, https:\/\/ht-ost.com\/wp-content\/uploads\/2022\/02\/2022-01-07-Priwolje-Gemeinde-Grigori-Reuka-3-1024x768.jpg 1024w, https:\/\/ht-ost.com\/wp-content\/uploads\/2022\/02\/2022-01-07-Priwolje-Gemeinde-Grigori-Reuka-3-768x576.jpg 768w\" sizes=\"(max-width: 1500px) 100vw, 1500px\" \/><\/div><div class=\"uael-grid-img-overlay\"><\/div><\/figure><\/div><\/div><div class=\"uael-grid-item  uael-img-gallery-item-4\"><div class=\"uael-grid-item-content\"><figure class=\"uael-grid-img uael-grid-gallery-img uael-ins-hover elementor-clickable\"><div class=\"uael-grid-img-thumbnail uael-ins-target\"><img loading=\"lazy\" decoding=\"async\" width=\"1500\" height=\"1125\" src=\"https:\/\/ht-ost.com\/wp-content\/uploads\/2022\/02\/2022-01-07-Priwolje-Gemeinde-Grigori-Reuka-11.jpg\" class=\"attachment-full size-full wp-image-13297\" alt=\"\" srcset=\"https:\/\/ht-ost.com\/wp-content\/uploads\/2022\/02\/2022-01-07-Priwolje-Gemeinde-Grigori-Reuka-11.jpg 1500w, https:\/\/ht-ost.com\/wp-content\/uploads\/2022\/02\/2022-01-07-Priwolje-Gemeinde-Grigori-Reuka-11-300x225.jpg 300w, https:\/\/ht-ost.com\/wp-content\/uploads\/2022\/02\/2022-01-07-Priwolje-Gemeinde-Grigori-Reuka-11-1024x768.jpg 1024w, https:\/\/ht-ost.com\/wp-content\/uploads\/2022\/02\/2022-01-07-Priwolje-Gemeinde-Grigori-Reuka-11-768x576.jpg 768w\" sizes=\"(max-width: 1500px) 100vw, 1500px\" \/><\/div><div class=\"uael-grid-img-overlay\"><\/div><\/figure><\/div><\/div><\/div><\/div>\t\t\t\t<\/div>\n\t\t\t\t<\/div>\n\t\t\t\t\t<\/div>\n\t\t<\/div>\n\t\t\t\t\t<\/div>\n\t\t<\/section>\n\t\t\t\t<section class=\"elementor-section elementor-top-section elementor-element elementor-element-ee80325 elementor-section-boxed elementor-section-height-default elementor-section-height-default\" data-id=\"ee80325\" data-element_type=\"section\" data-e-type=\"section\">\n\t\t\t\t\t\t<div class=\"elementor-container elementor-column-gap-default\">\n\t\t\t\t\t<div class=\"elementor-column elementor-col-100 elementor-top-column elementor-element elementor-element-5f39376\" data-id=\"5f39376\" data-element_type=\"column\" data-e-type=\"column\">\n\t\t\t<div class=\"elementor-widget-wrap elementor-element-populated\">\n\t\t\t\t\t\t<div class=\"elementor-element elementor-element-be641af elementor-widget elementor-widget-spacer\" data-id=\"be641af\" data-element_type=\"widget\" data-e-type=\"widget\" data-widget_type=\"spacer.default\">\n\t\t\t\t<div class=\"elementor-widget-container\">\n\t\t\t\t\t\t\t<div class=\"elementor-spacer\">\n\t\t\t<div class=\"elementor-spacer-inner\"><\/div>\n\t\t<\/div>\n\t\t\t\t\t\t<\/div>\n\t\t\t\t<\/div>\n\t\t\t\t<div class=\"elementor-element elementor-element-2cb2c1f elementor-widget elementor-widget-heading\" data-id=\"2cb2c1f\" data-element_type=\"widget\" data-e-type=\"widget\" data-widget_type=\"heading.default\">\n\t\t\t\t<div class=\"elementor-widget-container\">\n\t\t\t\t\t<h2 class=\"elementor-heading-title elementor-size-default\">Zeitschrift 2022 Nr.1<\/h2>\t\t\t\t<\/div>\n\t\t\t\t<\/div>\n\t\t\t\t<div class=\"elementor-element elementor-element-ea2fc42 elementor-widget-divider--view-line elementor-widget elementor-widget-divider\" data-id=\"ea2fc42\" data-element_type=\"widget\" data-e-type=\"widget\" data-widget_type=\"divider.default\">\n\t\t\t\t<div class=\"elementor-widget-container\">\n\t\t\t\t\t\t\t<div class=\"elementor-divider\">\n\t\t\t<span class=\"elementor-divider-separator\">\n\t\t\t\t\t\t<\/span>\n\t\t<\/div>\n\t\t\t\t\t\t<\/div>\n\t\t\t\t<\/div>\n\t\t\t\t<div class=\"elementor-element elementor-element-bfe9ead uael-posts-thumbnail-ratio uael-post__arrow-outside elementor-widget elementor-widget-uael-posts\" data-id=\"bfe9ead\" data-element_type=\"widget\" data-e-type=\"widget\" data-settings=\"{&quot;classic_slides_to_show&quot;:3,&quot;classic_slides_to_show_tablet&quot;:2,&quot;classic_slides_to_show_mobile&quot;:1}\" data-widget_type=\"uael-posts.classic\">\n\t\t\t\t<div class=\"elementor-widget-container\">\n\t\t\t\t\t\t\t<div class=\"uael-post__header\">\n\t\t\t\t\t<\/div>\n\t\t<div class=\"uael-post__body\">\n\t\t\t\n\t\t\n\t\t<div class=\"uael-blog-terms-position-above_content uael-post-image-top uael-post-grid uael-posts\" data-query-type=\"custom\" data-structure=\"carousel\" data-layout=\"\" data-page=\"13260\" data-skin=\"classic\" data-filter-default=\"\" data-offset-top=\"30\" data-post_slider=\"{&quot;slidesToShow&quot;:3,&quot;slidesToScroll&quot;:2,&quot;autoplaySpeed&quot;:5000,&quot;autoplay&quot;:false,&quot;infinite&quot;:false,&quot;pauseOnHover&quot;:false,&quot;speed&quot;:800,&quot;arrows&quot;:true,&quot;dots&quot;:true,&quot;rtl&quot;:false,&quot;prevArrow&quot;:&quot;&lt;button type=\\&quot;button\\&quot; data-role=\\&quot;none\\&quot; class=\\&quot;slick-prev\\&quot; aria-label=\\&quot;Previous\\&quot; tabindex=\\&quot;0\\&quot; role=\\&quot;button\\&quot;&gt;&lt;i class=\\&quot;fa fa-angle-left\\&quot;&gt;&lt;\\\/i&gt;&lt;\\\/button&gt;&quot;,&quot;nextArrow&quot;:&quot;&lt;button type=\\&quot;button\\&quot; data-role=\\&quot;none\\&quot; class=\\&quot;slick-next\\&quot; aria-label=\\&quot;Next\\&quot; tabindex=\\&quot;0\\&quot; role=\\&quot;button\\&quot;&gt;&lt;i class=\\&quot;fa fa-angle-right\\&quot;&gt;&lt;\\\/i&gt;&lt;\\\/button&gt;&quot;,&quot;responsive&quot;:[{&quot;breakpoint&quot;:1024,&quot;settings&quot;:{&quot;slidesToShow&quot;:2,&quot;slidesToScroll&quot;:2}},{&quot;breakpoint&quot;:767,&quot;settings&quot;:{&quot;slidesToShow&quot;:1,&quot;slidesToScroll&quot;:1}}]}\" data-equal-height=\"yes\" data-post-count=\"5\">\n\n\t\t\t\t\t\t\t<div class=\"uael-post-grid__inner uael-post__columns-3 uael-post__columns-tablet-2 uael-post__columns-mobile-1\">\n\t\t\t\n<div class=\"uael-post-wrapper   evangelisation kinderfreizeiten patenschaften \">\n\t<div class=\"uael-post__bg-wrap uael-bg-wrap-disabled \">\n\n\t\t\t\t\n\t\t<div class=\"uael-post__inner-wrap uael-inner-wrap-disabled\">\n\n\t\t\t\t<div class=\"uael-post__thumbnail\">\n\t\t\t\n\t\t\t<a href=\"https:\/\/ht-ost.com\/de\/gemeinde-kurachowka\/\" target=\"_self\" title=\"Gemeinde Kurachowka\"><img loading=\"lazy\" decoding=\"async\" width=\"750\" height=\"500\" src=\"https:\/\/ht-ost.com\/wp-content\/uploads\/2022\/02\/zt221-kurachowka.jpg\" class=\"attachment-medium_large size-medium_large wp-image-13352\" alt=\"\" srcset=\"https:\/\/ht-ost.com\/wp-content\/uploads\/2022\/02\/zt221-kurachowka.jpg 750w, https:\/\/ht-ost.com\/wp-content\/uploads\/2022\/02\/zt221-kurachowka-300x200.jpg 300w\" sizes=\"(max-width: 750px) 100vw, 750px\" \/><\/a>\n\t\t\t\t\t<\/div>\n\t\t\n\t\t\t\n\t\t\t<div class=\"uael-post__content-wrap uael-content-wrap-disabled\">\n\t\t\t\t\t\t\t<div class=\"uael-post__terms-wrap\"><span class=\"uael-post__terms\"><span class=\"uael-listing__terms-link\">Evangelisation<\/span><\/span><\/div>\n\t\t\t\t\t\t<h4 class=\"uael-post__title\">\n\n\t\t\n\t\t\t\t\t\t<a href=\"https:\/\/ht-ost.com\/de\/gemeinde-kurachowka\/\" target=\"_self\">\n\t\t\t\tGemeinde Kurachowka\t\t\t<\/a>\n\n\t\t\t\t<\/h4>\n\t\t\t\t\t<div class=\"uael-post__meta-data\">\n\t\t\t\t\t<span class=\"uael-post__date\">\n\t\t\t\t\t\t\t\t\t\t\t\t\t<i aria-hidden=\"true\" class=\"fa fa-calendar\"><\/i>\t\t\t\t\t\t\t\t\t\n\t\t\t9. Februar 2022\t\t<\/span>\n\t\t\t\t<\/div>\n\t\t\n\t\t<div class=\"uael-post__excerpt\">\n\t\t\tSeit ich denken kann gibt es in meinem ukrainischen Heimatdorf Kurachowka eine kleine Gemeinde. Doch diese Gemeinde existiert bereits viel l\u00e4nger, als ich es mir ...\t\t<\/div>\n\n\t\t\t\t\t<a class=\"uael-post__read-more elementor-button\" href=\"https:\/\/ht-ost.com\/de\/gemeinde-kurachowka\/\" target=\"_self\" aria-labelledby=\"uael-post-13351\">\n\t\t\t\t\t<span class=\"elementor-button-content-wrapper\">\n\t\t\t\t\t\t\t\t\t\t\t\t\t\t<span class=\"elementor-button-icon elementor-align-icon-right\">\n\n\t\t\t\t\t\t\t\t\t<i aria-hidden=\"true\" class=\"fas fa-angle-right\"><\/i>\n\t\t\t\t\t\t\t\t<\/span>\n\t\t\t\t\t\t\t\t\t\t\t\t\t\n\t\t\t\t\t\t<span class=\"elementor-button-text\" id=uael-post-13351>Weiterlesen<\/span>\n\t\t\t\t\t<\/span>\n\t\t\t\t<\/a>\n\t\t\t\t\t\t<\/div>\n\t\t\t\n\t\t<\/div>\n\t\t\n\t<\/div>\n\n<\/div>\n\n<div class=\"uael-post-wrapper   evangelisation patenschaften \">\n\t<div class=\"uael-post__bg-wrap uael-bg-wrap-disabled \">\n\n\t\t\t\t\n\t\t<div class=\"uael-post__inner-wrap uael-inner-wrap-disabled\">\n\n\t\t\t\t<div class=\"uael-post__thumbnail\">\n\t\t\t\n\t\t\t<a href=\"https:\/\/ht-ost.com\/de\/neuanfang-in-einer-sterbenden-stadt\/\" target=\"_self\" title=\"Neuanfang in einer sterbenden Stadt\"><img loading=\"lazy\" decoding=\"async\" width=\"750\" height=\"500\" src=\"https:\/\/ht-ost.com\/wp-content\/uploads\/2022\/02\/zt221-priwolje.jpg\" class=\"attachment-medium_large size-medium_large wp-image-13346\" alt=\"\" srcset=\"https:\/\/ht-ost.com\/wp-content\/uploads\/2022\/02\/zt221-priwolje.jpg 750w, https:\/\/ht-ost.com\/wp-content\/uploads\/2022\/02\/zt221-priwolje-300x200.jpg 300w\" sizes=\"(max-width: 750px) 100vw, 750px\" \/><\/a>\n\t\t\t\t\t<\/div>\n\t\t\n\t\t\t\n\t\t\t<div class=\"uael-post__content-wrap uael-content-wrap-disabled\">\n\t\t\t\t\t\t\t<div class=\"uael-post__terms-wrap\"><span class=\"uael-post__terms\"><span class=\"uael-listing__terms-link\">Evangelisation<\/span><\/span><\/div>\n\t\t\t\t\t\t<h4 class=\"uael-post__title\">\n\n\t\t\n\t\t\t\t\t\t<a href=\"https:\/\/ht-ost.com\/de\/neuanfang-in-einer-sterbenden-stadt\/\" target=\"_self\">\n\t\t\t\tNeuanfang in einer sterbenden Stadt\t\t\t<\/a>\n\n\t\t\t\t<\/h4>\n\t\t\t\t\t<div class=\"uael-post__meta-data\">\n\t\t\t\t\t<span class=\"uael-post__date\">\n\t\t\t\t\t\t\t\t\t\t\t\t\t<i aria-hidden=\"true\" class=\"fa fa-calendar\"><\/i>\t\t\t\t\t\t\t\t\t\n\t\t\t7. Februar 2022\t\t<\/span>\n\t\t\t\t<\/div>\n\t\t\n\t\t<div class=\"uael-post__excerpt\">\n\t\t\tPriwolje, eine kleine ostukrainische Stadt im Gebiet Lugansk, liegt nahe der weiterhin umk\u00e4mpften Frontlinie und war in der Vergangenheit auf dramatische Weise auch direkt von ...\t\t<\/div>\n\n\t\t\t\t\t<a class=\"uael-post__read-more elementor-button\" href=\"https:\/\/ht-ost.com\/de\/neuanfang-in-einer-sterbenden-stadt\/\" target=\"_self\" aria-labelledby=\"uael-post-13260\">\n\t\t\t\t\t<span class=\"elementor-button-content-wrapper\">\n\t\t\t\t\t\t\t\t\t\t\t\t\t\t<span class=\"elementor-button-icon elementor-align-icon-right\">\n\n\t\t\t\t\t\t\t\t\t<i aria-hidden=\"true\" class=\"fas fa-angle-right\"><\/i>\n\t\t\t\t\t\t\t\t<\/span>\n\t\t\t\t\t\t\t\t\t\t\t\t\t\n\t\t\t\t\t\t<span class=\"elementor-button-text\" id=uael-post-13260>Weiterlesen<\/span>\n\t\t\t\t\t<\/span>\n\t\t\t\t<\/a>\n\t\t\t\t\t\t<\/div>\n\t\t\t\n\t\t<\/div>\n\t\t\n\t<\/div>\n\n<\/div>\n\n<div class=\"uael-post-wrapper   editorial \">\n\t<div class=\"uael-post__bg-wrap uael-bg-wrap-disabled \">\n\n\t\t\t\t\n\t\t<div class=\"uael-post__inner-wrap uael-inner-wrap-disabled\">\n\n\t\t\t\t<div class=\"uael-post__thumbnail\">\n\t\t\t\n\t\t\t<a href=\"https:\/\/ht-ost.com\/de\/dankbar-sein\/\" target=\"_self\" title=\"Dankbar sein!\"><img loading=\"lazy\" decoding=\"async\" width=\"750\" height=\"500\" src=\"https:\/\/ht-ost.com\/wp-content\/uploads\/2022\/02\/zt-editorial.jpg\" class=\"attachment-medium_large size-medium_large wp-image-13199\" alt=\"\" srcset=\"https:\/\/ht-ost.com\/wp-content\/uploads\/2022\/02\/zt-editorial.jpg 750w, https:\/\/ht-ost.com\/wp-content\/uploads\/2022\/02\/zt-editorial-300x200.jpg 300w\" sizes=\"(max-width: 750px) 100vw, 750px\" \/><\/a>\n\t\t\t\t\t<\/div>\n\t\t\n\t\t\t\n\t\t\t<div class=\"uael-post__content-wrap uael-content-wrap-disabled\">\n\t\t\t\t\t\t\t<div class=\"uael-post__terms-wrap\"><span class=\"uael-post__terms\"><span class=\"uael-listing__terms-link\">Editorial<\/span><\/span><\/div>\n\t\t\t\t\t\t<h4 class=\"uael-post__title\">\n\n\t\t\n\t\t\t\t\t\t<a href=\"https:\/\/ht-ost.com\/de\/dankbar-sein\/\" target=\"_self\">\n\t\t\t\tDankbar sein!\t\t\t<\/a>\n\n\t\t\t\t<\/h4>\n\t\t\t\t\t<div class=\"uael-post__meta-data\">\n\t\t\t\t\t<span class=\"uael-post__date\">\n\t\t\t\t\t\t\t\t\t\t\t\t\t<i aria-hidden=\"true\" class=\"fa fa-calendar\"><\/i>\t\t\t\t\t\t\t\t\t\n\t\t\t6. Februar 2022\t\t<\/span>\n\t\t\t\t<\/div>\n\t\t\n\t\t<div class=\"uael-post__excerpt\">\n\t\t\tLiebe Missionsfreunde, wie sind wir ins neue Jahr gestartet? Mit einem dankbaren Herzen oder mit einem unzufriedenen Geist? Die \u00e4u\u00dferen Umst\u00e4nde sind nicht besonders erfreulich, ...\t\t<\/div>\n\n\t\t\t\t\t<a class=\"uael-post__read-more elementor-button\" href=\"https:\/\/ht-ost.com\/de\/dankbar-sein\/\" target=\"_self\" aria-labelledby=\"uael-post-13193\">\n\t\t\t\t\t<span class=\"elementor-button-content-wrapper\">\n\t\t\t\t\t\t\t\t\t\t\t\t\t\t<span class=\"elementor-button-icon elementor-align-icon-right\">\n\n\t\t\t\t\t\t\t\t\t<i aria-hidden=\"true\" class=\"fas fa-angle-right\"><\/i>\n\t\t\t\t\t\t\t\t<\/span>\n\t\t\t\t\t\t\t\t\t\t\t\t\t\n\t\t\t\t\t\t<span class=\"elementor-button-text\" id=uael-post-13193>Weiterlesen<\/span>\n\t\t\t\t\t<\/span>\n\t\t\t\t<\/a>\n\t\t\t\t\t\t<\/div>\n\t\t\t\n\t\t<\/div>\n\t\t\n\t<\/div>\n\n<\/div>\n\n<div class=\"uael-post-wrapper   weihnachtsp\u00e4ckchen-21\/22 \">\n\t<div class=\"uael-post__bg-wrap uael-bg-wrap-disabled \">\n\n\t\t\t\t\n\t\t<div class=\"uael-post__inner-wrap uael-inner-wrap-disabled\">\n\n\t\t\t\t<div class=\"uael-post__thumbnail\">\n\t\t\t\n\t\t\t<a href=\"https:\/\/ht-ost.com\/de\/die-weihnachtsbotschaft-weitergetragen\/\" target=\"_self\" title=\"Die Weihnachtsbotschaft weitergetragen\"><img loading=\"lazy\" decoding=\"async\" width=\"750\" height=\"500\" src=\"https:\/\/ht-ost.com\/wp-content\/uploads\/2022\/02\/zt221-botschaft.jpg\" class=\"attachment-medium_large size-medium_large wp-image-13254\" alt=\"\" srcset=\"https:\/\/ht-ost.com\/wp-content\/uploads\/2022\/02\/zt221-botschaft.jpg 750w, https:\/\/ht-ost.com\/wp-content\/uploads\/2022\/02\/zt221-botschaft-300x200.jpg 300w\" sizes=\"(max-width: 750px) 100vw, 750px\" \/><\/a>\n\t\t\t\t\t<\/div>\n\t\t\n\t\t\t\n\t\t\t<div class=\"uael-post__content-wrap uael-content-wrap-disabled\">\n\t\t\t\t\t\t\t<div class=\"uael-post__terms-wrap\"><span class=\"uael-post__terms\"><span class=\"uael-listing__terms-link\">Weihnachtsp\u00e4ckchen 21\/22<\/span><\/span><\/div>\n\t\t\t\t\t\t<h4 class=\"uael-post__title\">\n\n\t\t\n\t\t\t\t\t\t<a href=\"https:\/\/ht-ost.com\/de\/die-weihnachtsbotschaft-weitergetragen\/\" target=\"_self\">\n\t\t\t\tDie Weihnachtsbotschaft weitergetragen\t\t\t<\/a>\n\n\t\t\t\t<\/h4>\n\t\t\t\t\t<div class=\"uael-post__meta-data\">\n\t\t\t\t\t<span class=\"uael-post__date\">\n\t\t\t\t\t\t\t\t\t\t\t\t\t<i aria-hidden=\"true\" class=\"fa fa-calendar\"><\/i>\t\t\t\t\t\t\t\t\t\n\t\t\t4. Februar 2022\t\t<\/span>\n\t\t\t\t<\/div>\n\t\t\n\t\t<div class=\"uael-post__excerpt\">\n\t\t\tIm Januar wurde das Weihnachtsfest f\u00fcr 1000 moldawische Christen zu einer ganz besonderen Erfahrung. In einer koordinierten Aktion besuchten sie hunderte Haushalte in ihrer Nachbarschaft ...\t\t<\/div>\n\n\t\t\t\t\t<a class=\"uael-post__read-more elementor-button\" href=\"https:\/\/ht-ost.com\/de\/die-weihnachtsbotschaft-weitergetragen\/\" target=\"_self\" aria-labelledby=\"uael-post-13204\">\n\t\t\t\t\t<span class=\"elementor-button-content-wrapper\">\n\t\t\t\t\t\t\t\t\t\t\t\t\t\t<span class=\"elementor-button-icon elementor-align-icon-right\">\n\n\t\t\t\t\t\t\t\t\t<i aria-hidden=\"true\" class=\"fas fa-angle-right\"><\/i>\n\t\t\t\t\t\t\t\t<\/span>\n\t\t\t\t\t\t\t\t\t\t\t\t\t\n\t\t\t\t\t\t<span class=\"elementor-button-text\" id=uael-post-13204>Weiterlesen<\/span>\n\t\t\t\t\t<\/span>\n\t\t\t\t<\/a>\n\t\t\t\t\t\t<\/div>\n\t\t\t\n\t\t<\/div>\n\t\t\n\t<\/div>\n\n<\/div>\n\n<div class=\"uael-post-wrapper   weihnachtsp\u00e4ckchen-21\/22 \">\n\t<div class=\"uael-post__bg-wrap uael-bg-wrap-disabled \">\n\n\t\t\t\t\n\t\t<div class=\"uael-post__inner-wrap uael-inner-wrap-disabled\">\n\n\t\t\t\t<div class=\"uael-post__thumbnail\">\n\t\t\t\n\t\t\t<a href=\"https:\/\/ht-ost.com\/de\/eine-aktion-geht-zu-ende\/\" target=\"_self\" title=\"Alle P\u00e4ckchen sind verteilt!\"><img loading=\"lazy\" decoding=\"async\" width=\"750\" height=\"500\" src=\"https:\/\/ht-ost.com\/wp-content\/uploads\/2022\/02\/wpa21ende.jpg\" class=\"attachment-medium_large size-medium_large wp-image-13182\" alt=\"\" srcset=\"https:\/\/ht-ost.com\/wp-content\/uploads\/2022\/02\/wpa21ende.jpg 750w, https:\/\/ht-ost.com\/wp-content\/uploads\/2022\/02\/wpa21ende-300x200.jpg 300w\" sizes=\"(max-width: 750px) 100vw, 750px\" \/><\/a>\n\t\t\t\t\t<\/div>\n\t\t\n\t\t\t\n\t\t\t<div class=\"uael-post__content-wrap uael-content-wrap-disabled\">\n\t\t\t\t\t\t\t<div class=\"uael-post__terms-wrap\"><span class=\"uael-post__terms\"><span class=\"uael-listing__terms-link\">Weihnachtsp\u00e4ckchen 21\/22<\/span><\/span><\/div>\n\t\t\t\t\t\t<h4 class=\"uael-post__title\">\n\n\t\t\n\t\t\t\t\t\t<a href=\"https:\/\/ht-ost.com\/de\/eine-aktion-geht-zu-ende\/\" target=\"_self\">\n\t\t\t\tAlle P\u00e4ckchen sind verteilt!\t\t\t<\/a>\n\n\t\t\t\t<\/h4>\n\t\t\t\t\t<div class=\"uael-post__meta-data\">\n\t\t\t\t\t<span class=\"uael-post__date\">\n\t\t\t\t\t\t\t\t\t\t\t\t\t<i aria-hidden=\"true\" class=\"fa fa-calendar\"><\/i>\t\t\t\t\t\t\t\t\t\n\t\t\t1. Februar 2022\t\t<\/span>\n\t\t\t\t<\/div>\n\t\t\n\t\t<div class=\"uael-post__excerpt\">\n\t\t\tMittlerweile wurde alle P\u00e4ckchen an die Kinder verteilt. Wie super das bei den Kindern ankam, kann man in diesem Video bestens nachvollziehen.\t\t<\/div>\n\n\t\t\t\t\t<a class=\"uael-post__read-more elementor-button\" href=\"https:\/\/ht-ost.com\/de\/eine-aktion-geht-zu-ende\/\" target=\"_self\" aria-labelledby=\"uael-post-13176\">\n\t\t\t\t\t<span class=\"elementor-button-content-wrapper\">\n\t\t\t\t\t\t\t\t\t\t\t\t\t\t<span class=\"elementor-button-icon elementor-align-icon-right\">\n\n\t\t\t\t\t\t\t\t\t<i aria-hidden=\"true\" class=\"fas fa-angle-right\"><\/i>\n\t\t\t\t\t\t\t\t<\/span>\n\t\t\t\t\t\t\t\t\t\t\t\t\t\n\t\t\t\t\t\t<span class=\"elementor-button-text\" id=uael-post-13176>Weiterlesen<\/span>\n\t\t\t\t\t<\/span>\n\t\t\t\t<\/a>\n\t\t\t\t\t\t<\/div>\n\t\t\t\n\t\t<\/div>\n\t\t\n\t<\/div>\n\n<\/div>\n\t\t\t\t<\/div>\n\t\t\t\t\t\t\n\t\t<\/div>\n\n\t\t\t\t\t\t<\/div>\n\t\t<div class=\"uael-post__footer\">\n\t\t\t\t\t<\/div>\n\t\t\t\t\t\t<\/div>\n\t\t\t\t<\/div>\n\t\t\t\t\t<\/div>\n\t\t<\/div>\n\t\t\t\t\t<\/div>\n\t\t<\/section>\n\t\t\t\t<\/div>\n\t\t","protected":false},"excerpt":{"rendered":"<p>Priwolje, eine kleine ostukrainische Stadt im Gebiet Lugansk, liegt nahe der weiterhin umk\u00e4mpften Frontlinie und war in der Vergangenheit auf dramatische Weise auch direkt von den Kampfhandlungen betroffen. Noch heute sieht man zerst\u00f6rte oder leerstehende Geb\u00e4ude, selbst die Schule wurde [&hellip;]<\/p>\n","protected":false},"author":1,"featured_media":13346,"comment_status":"closed","ping_status":"closed","sticky":false,"template":"","format":"standard","meta":{"site-sidebar-layout":"default","site-content-layout":"","ast-site-content-layout":"default","site-content-style":"default","site-sidebar-style":"default","ast-global-header-display":"","ast-banner-title-visibility":"","ast-main-header-display":"","ast-hfb-above-header-display":"","ast-hfb-below-header-display":"","ast-hfb-mobile-header-display":"","site-post-title":"","ast-breadcrumbs-content":"","ast-featured-img":"","footer-sml-layout":"","ast-disable-related-posts":"","theme-transparent-header-meta":"disabled","adv-header-id-meta":"","stick-header-meta":"","header-above-stick-meta":"","header-main-stick-meta":"","header-below-stick-meta":"","astra-migrate-meta-layouts":"default","ast-page-background-enabled":"default","ast-page-background-meta":{"desktop":{"background-color":"","background-image":"","background-repeat":"repeat","background-position":"center center","background-size":"auto","background-attachment":"scroll","background-type":"","background-media":"","overlay-type":"","overlay-color":"","overlay-opacity":"","overlay-gradient":""},"tablet":{"background-color":"","background-image":"","background-repeat":"repeat","background-position":"center center","background-size":"auto","background-attachment":"scroll","background-type":"","background-media":"","overlay-type":"","overlay-color":"","overlay-opacity":"","overlay-gradient":""},"mobile":{"background-color":"","background-image":"","background-repeat":"repeat","background-position":"center center","background-size":"auto","background-attachment":"scroll","background-type":"","background-media":"","overlay-type":"","overlay-color":"","overlay-opacity":"","overlay-gradient":""}},"ast-content-background-meta":{"desktop":{"background-color":"var(--ast-global-color-5)","background-image":"","background-repeat":"repeat","background-position":"center center","background-size":"auto","background-attachment":"scroll","background-type":"","background-media":"","overlay-type":"","overlay-color":"","overlay-opacity":"","overlay-gradient":""},"tablet":{"background-color":"var(--ast-global-color-5)","background-image":"","background-repeat":"repeat","background-position":"center center","background-size":"auto","background-attachment":"scroll","background-type":"","background-media":"","overlay-type":"","overlay-color":"","overlay-opacity":"","overlay-gradient":""},"mobile":{"background-color":"var(--ast-global-color-5)","background-image":"","background-repeat":"repeat","background-position":"center center","background-size":"auto","background-attachment":"scroll","background-type":"","background-media":"","overlay-type":"","overlay-color":"","overlay-opacity":"","overlay-gradient":""}},"footnotes":""},"categories":[19,33],"tags":[],"class_list":["post-13260","post","type-post","status-publish","format-standard","has-post-thumbnail","hentry","category-evangelisation","category-patenschaften"],"_links":{"self":[{"href":"https:\/\/ht-ost.com\/de\/wp-json\/wp\/v2\/posts\/13260","targetHints":{"allow":["GET"]}}],"collection":[{"href":"https:\/\/ht-ost.com\/de\/wp-json\/wp\/v2\/posts"}],"about":[{"href":"https:\/\/ht-ost.com\/de\/wp-json\/wp\/v2\/types\/post"}],"author":[{"embeddable":true,"href":"https:\/\/ht-ost.com\/de\/wp-json\/wp\/v2\/users\/1"}],"replies":[{"embeddable":true,"href":"https:\/\/ht-ost.com\/de\/wp-json\/wp\/v2\/comments?post=13260"}],"version-history":[{"count":8,"href":"https:\/\/ht-ost.com\/de\/wp-json\/wp\/v2\/posts\/13260\/revisions"}],"predecessor-version":[{"id":13452,"href":"https:\/\/ht-ost.com\/de\/wp-json\/wp\/v2\/posts\/13260\/revisions\/13452"}],"wp:featuredmedia":[{"embeddable":true,"href":"https:\/\/ht-ost.com\/de\/wp-json\/wp\/v2\/media\/13346"}],"wp:attachment":[{"href":"https:\/\/ht-ost.com\/de\/wp-json\/wp\/v2\/media?parent=13260"}],"wp:term":[{"taxonomy":"category","embeddable":true,"href":"https:\/\/ht-ost.com\/de\/wp-json\/wp\/v2\/categories?post=13260"},{"taxonomy":"post_tag","embeddable":true,"href":"https:\/\/ht-ost.com\/de\/wp-json\/wp\/v2\/tags?post=13260"}],"curies":[{"name":"wp","href":"https:\/\/api.w.org\/{rel}","templated":true}]}}