{"id":20876,"date":"2023-04-20T11:26:27","date_gmt":"2023-04-20T09:26:27","guid":{"rendered":"https:\/\/ht-ost.com\/?p=20876"},"modified":"2023-04-25T11:54:27","modified_gmt":"2023-04-25T09:54:27","slug":"geistlicher-aufbruch","status":"publish","type":"post","link":"https:\/\/ht-ost.com\/de\/geistlicher-aufbruch\/","title":{"rendered":"Geistlicher Aufbruch"},"content":{"rendered":"\t\t<div data-elementor-type=\"wp-post\" data-elementor-id=\"20876\" class=\"elementor elementor-20876\">\n\t\t\t\t\t\t<section class=\"elementor-section elementor-top-section elementor-element elementor-element-19a250f elementor-section-boxed elementor-section-height-default elementor-section-height-default\" data-id=\"19a250f\" data-element_type=\"section\" data-e-type=\"section\">\n\t\t\t\t\t\t<div class=\"elementor-container elementor-column-gap-no\">\n\t\t\t\t\t<div class=\"elementor-column elementor-col-100 elementor-top-column elementor-element elementor-element-96fa658\" data-id=\"96fa658\" data-element_type=\"column\" data-e-type=\"column\">\n\t\t\t<div class=\"elementor-widget-wrap elementor-element-populated\">\n\t\t\t\t\t\t<div class=\"elementor-element elementor-element-ffff597 elementor-widget elementor-widget-image\" data-id=\"ffff597\" data-element_type=\"widget\" data-e-type=\"widget\" data-widget_type=\"image.default\">\n\t\t\t\t<div class=\"elementor-widget-container\">\n\t\t\t\t\t\t\t\t\t\t\t\t\t\t\t<img fetchpriority=\"high\" decoding=\"async\" width=\"2048\" height=\"957\" src=\"https:\/\/ht-ost.com\/wp-content\/uploads\/2023\/04\/zt23-2_cover-e1682329481673-2048x957.jpg\" class=\"attachment-2048x2048 size-2048x2048 wp-image-20878\" alt=\"\" srcset=\"https:\/\/ht-ost.com\/wp-content\/uploads\/2023\/04\/zt23-2_cover-e1682329481673-2048x957.jpg 2048w, https:\/\/ht-ost.com\/wp-content\/uploads\/2023\/04\/zt23-2_cover-e1682329481673-300x140.jpg 300w, https:\/\/ht-ost.com\/wp-content\/uploads\/2023\/04\/zt23-2_cover-e1682329481673-1024x478.jpg 1024w, https:\/\/ht-ost.com\/wp-content\/uploads\/2023\/04\/zt23-2_cover-e1682329481673-768x359.jpg 768w, https:\/\/ht-ost.com\/wp-content\/uploads\/2023\/04\/zt23-2_cover-e1682329481673-1536x718.jpg 1536w\" sizes=\"(max-width: 2048px) 100vw, 2048px\" \/>\t\t\t\t\t\t\t\t\t\t\t\t\t\t\t<\/div>\n\t\t\t\t<\/div>\n\t\t\t\t<div class=\"elementor-element elementor-element-a71fe12 elementor-widget elementor-widget-text-editor\" data-id=\"a71fe12\" data-element_type=\"widget\" data-e-type=\"widget\" data-widget_type=\"text-editor.default\">\n\t\t\t\t<div class=\"elementor-widget-container\">\n\t\t\t\t\t\t\t\t\t<p><strong>Lemberg \u2013 eine Stadt im Ausnahmezustand<\/strong> <br \/>300.000 Fl\u00fcchtlinge haben das Leben der Stadt Lemberg v\u00f6llig ver\u00e4ndert: \u00dcberwiegend sind es Frauen mit Kindern, die Zuflucht in der Stadt suchen. Ihre M\u00e4nner sind an der Front oder harren in in der Ostukraine aus, um ihr Eigentum vor Pl\u00fcnderern zu sch\u00fctzen. Krieg und Flucht haben viele Menschen entwurzelt. <br \/>Im Bahnhofsviertel von Lemberg, in dem 150.000 Menschen leben, entstanden durch unser dortiges humanit\u00e4res Zentrum viele Kontakte zu Fl\u00fcchtlingen, die nicht nur von sozialer, sondern h\u00e4ufig auch von gro\u00dfer geistlicher Not betroffen sind: Besonders j\u00fcngere Fl\u00fcchtlinge kommen in ihrem neuen Umfeld nicht zurecht und Frauen leben in st\u00e4ndiger Angst, dass ihre M\u00e4nner fallen k\u00f6nnten.<\/p><p><b>Neue Gemeindegr\u00fcndung im Bahnhofsviertel <\/b><br \/>Um dieser seelischen Not angemessen begegnen zu k\u00f6nnen, haben wir ein Haus angemietet, wo Betroffenen geistliche Hilfe und Begleitung angeboten wird. <br \/>Die R\u00e4ume sollen zum Begegnungsort f\u00fcr Menschen werden, die auf der Suche sind und Hilfe brauchen. Bereits jetzt finden dort verschiedenste Angebote statt.<br \/><br \/><b>Arbeit mit Fl\u00fcchtlingskindern und Jugendlichen<\/b><br \/>Viele kindergerechte Einrichtungen der Stadt sind geschlossen \u2013 zu den wenigen, die noch offen sind, haben Kinder aus Fl\u00fcchtlingsfamilien aus finanziellen Gr\u00fcnden meist keinen Zugang. <br \/>Diesen Kindern bieten wir in der neuen Gemeinde die M\u00f6glichkeit, Gemeinschaft zu haben, zu spielen, zu malen oder f\u00fcr ihre V\u00e4ter in der Ostukraine Kekse zu backen.<br \/>Separat finden anhand von Bibelgeschichten Sprachkurse f\u00fcr Englisch und Ukrainisch statt, die den Kindern den Wiedereinstieg in den Schulunterricht erleichtern sollen. <br \/>F\u00fcr Teenager und Jugendliche finden regelm\u00e4\u00dfig Begegnungsabende statt, wo sie Zeit mit anderen Altersgenossen verbringen, miteinander reden, spielen und Tee trinken k\u00f6nnen. Zudem wird zu separaten Themen eingeladen, wo \u00fcber Gott, den Sinn des Lebens und christliche Werte gesprochen wird.<br \/><br \/><b>Angebote f\u00fcr Kriegsbetroffene<\/b><br \/>Frauen, deren M\u00e4nner an der Front oder im Krieg gefallen sind, haben die M\u00f6glichkeit an \u201eDu bist nicht alleine\u201c-Treffen teilzunehmen. Dort fr\u00fchst\u00fccken sie zusammen, h\u00f6ren einen Vortrag und k\u00f6nnen sich austauschen sowie gegenseitig unterst\u00fctzen. <br \/>Ein \u00e4hnliches Angebot gibt es auch f\u00fcr M\u00e4nner, die genauso Gemeinschaft und Seelsorge brauchen.<\/p>\t\t\t\t\t\t\t\t<\/div>\n\t\t\t\t<\/div>\n\t\t\t\t<div class=\"elementor-element elementor-element-6538edb uael-img-grid__column-2 uael-img-grid-tablet__column-3 uael-img-grid-mobile__column-2 uael-ins-normal elementor-widget elementor-widget-uael-image-gallery\" data-id=\"6538edb\" data-element_type=\"widget\" data-e-type=\"widget\" data-settings=\"{&quot;gallery_columns&quot;:&quot;2&quot;,&quot;gallery_columns_tablet&quot;:&quot;3&quot;,&quot;gallery_columns_mobile&quot;:&quot;2&quot;,&quot;column_gap&quot;:{&quot;unit&quot;:&quot;px&quot;,&quot;size&quot;:20,&quot;sizes&quot;:[]},&quot;column_gap_tablet&quot;:{&quot;unit&quot;:&quot;px&quot;,&quot;size&quot;:&quot;&quot;,&quot;sizes&quot;:[]},&quot;column_gap_mobile&quot;:{&quot;unit&quot;:&quot;px&quot;,&quot;size&quot;:&quot;&quot;,&quot;sizes&quot;:[]},&quot;row_gap&quot;:{&quot;unit&quot;:&quot;px&quot;,&quot;size&quot;:20,&quot;sizes&quot;:[]},&quot;row_gap_tablet&quot;:{&quot;unit&quot;:&quot;px&quot;,&quot;size&quot;:&quot;&quot;,&quot;sizes&quot;:[]},&quot;row_gap_mobile&quot;:{&quot;unit&quot;:&quot;px&quot;,&quot;size&quot;:&quot;&quot;,&quot;sizes&quot;:[]}}\" data-widget_type=\"uael-image-gallery.default\">\n\t\t\t\t<div class=\"elementor-widget-container\">\n\t\t\t\t\t<div class=\"uael-gallery-parent uael-caption- uael-gallery-unjustified\"><div class=\"uael-img-gallery-wrap uael-img-masonry-wrap uael-img-grid-masonry-wrap uael-masonry\" data-filter-default=\"All\"><div class=\"uael-grid-item  uael-img-gallery-item-1\"><div class=\"uael-grid-item-content\"><figure class=\"uael-grid-img uael-grid-gallery-img uael-ins-hover elementor-clickable\"><div class=\"uael-grid-img-thumbnail uael-ins-target\"><img decoding=\"async\" width=\"1024\" height=\"683\" src=\"https:\/\/ht-ost.com\/wp-content\/uploads\/2023\/04\/zt23-2-36-1024x683.jpg\" class=\"attachment-large size-large wp-image-20805\" alt=\"\" srcset=\"https:\/\/ht-ost.com\/wp-content\/uploads\/2023\/04\/zt23-2-36-1024x683.jpg 1024w, https:\/\/ht-ost.com\/wp-content\/uploads\/2023\/04\/zt23-2-36-300x200.jpg 300w, https:\/\/ht-ost.com\/wp-content\/uploads\/2023\/04\/zt23-2-36-768x512.jpg 768w, https:\/\/ht-ost.com\/wp-content\/uploads\/2023\/04\/zt23-2-36-1536x1024.jpg 1536w, https:\/\/ht-ost.com\/wp-content\/uploads\/2023\/04\/zt23-2-36.jpg 1600w\" sizes=\"(max-width: 1024px) 100vw, 1024px\" \/><\/div><div class=\"uael-grid-img-overlay\"><\/div><\/figure><\/div><\/div><div class=\"uael-grid-item  uael-img-gallery-item-2\"><div class=\"uael-grid-item-content\"><figure class=\"uael-grid-img uael-grid-gallery-img uael-ins-hover elementor-clickable\"><div class=\"uael-grid-img-thumbnail uael-ins-target\"><img decoding=\"async\" width=\"737\" height=\"1024\" src=\"https:\/\/ht-ost.com\/wp-content\/uploads\/2023\/04\/zt23-2-37-e1682333127896-737x1024.jpg\" class=\"attachment-large size-large wp-image-20810\" alt=\"\" srcset=\"https:\/\/ht-ost.com\/wp-content\/uploads\/2023\/04\/zt23-2-37-e1682333127896-737x1024.jpg 737w, https:\/\/ht-ost.com\/wp-content\/uploads\/2023\/04\/zt23-2-37-e1682333127896-216x300.jpg 216w, https:\/\/ht-ost.com\/wp-content\/uploads\/2023\/04\/zt23-2-37-e1682333127896-768x1067.jpg 768w, https:\/\/ht-ost.com\/wp-content\/uploads\/2023\/04\/zt23-2-37-e1682333127896.jpg 853w\" sizes=\"(max-width: 737px) 100vw, 737px\" \/><\/div><div class=\"uael-grid-img-overlay\"><\/div><\/figure><\/div><\/div><div class=\"uael-grid-item  uael-img-gallery-item-3\"><div class=\"uael-grid-item-content\"><figure class=\"uael-grid-img uael-grid-gallery-img uael-ins-hover elementor-clickable\"><div class=\"uael-grid-img-thumbnail uael-ins-target\"><img loading=\"lazy\" decoding=\"async\" width=\"1024\" height=\"671\" src=\"https:\/\/ht-ost.com\/wp-content\/uploads\/2023\/04\/zt23-2-19-e1682333156934-1024x671.jpg\" class=\"attachment-large size-large wp-image-20720\" alt=\"\" srcset=\"https:\/\/ht-ost.com\/wp-content\/uploads\/2023\/04\/zt23-2-19-e1682333156934-1024x671.jpg 1024w, https:\/\/ht-ost.com\/wp-content\/uploads\/2023\/04\/zt23-2-19-e1682333156934-300x196.jpg 300w, https:\/\/ht-ost.com\/wp-content\/uploads\/2023\/04\/zt23-2-19-e1682333156934-768x503.jpg 768w, https:\/\/ht-ost.com\/wp-content\/uploads\/2023\/04\/zt23-2-19-e1682333156934-1536x1006.jpg 1536w, https:\/\/ht-ost.com\/wp-content\/uploads\/2023\/04\/zt23-2-19-e1682333156934-2048x1341.jpg 2048w\" sizes=\"(max-width: 1024px) 100vw, 1024px\" \/><\/div><div class=\"uael-grid-img-overlay\"><\/div><\/figure><\/div><\/div><div class=\"uael-grid-item  uael-img-gallery-item-4\"><div class=\"uael-grid-item-content\"><figure class=\"uael-grid-img uael-grid-gallery-img uael-ins-hover elementor-clickable\"><div class=\"uael-grid-img-thumbnail uael-ins-target\"><img loading=\"lazy\" decoding=\"async\" width=\"1024\" height=\"683\" src=\"https:\/\/ht-ost.com\/wp-content\/uploads\/2023\/04\/zt23-2-38-1024x683.jpg\" class=\"attachment-large size-large wp-image-20815\" alt=\"\" srcset=\"https:\/\/ht-ost.com\/wp-content\/uploads\/2023\/04\/zt23-2-38-1024x683.jpg 1024w, https:\/\/ht-ost.com\/wp-content\/uploads\/2023\/04\/zt23-2-38-300x200.jpg 300w, https:\/\/ht-ost.com\/wp-content\/uploads\/2023\/04\/zt23-2-38-768x512.jpg 768w, https:\/\/ht-ost.com\/wp-content\/uploads\/2023\/04\/zt23-2-38.jpg 1528w\" sizes=\"(max-width: 1024px) 100vw, 1024px\" \/><\/div><div class=\"uael-grid-img-overlay\"><\/div><\/figure><\/div><\/div><div class=\"uael-grid-item  uael-img-gallery-item-5\"><div class=\"uael-grid-item-content\"><figure class=\"uael-grid-img uael-grid-gallery-img uael-ins-hover elementor-clickable\"><div class=\"uael-grid-img-thumbnail uael-ins-target\"><img loading=\"lazy\" decoding=\"async\" width=\"1024\" height=\"648\" src=\"https:\/\/ht-ost.com\/wp-content\/uploads\/2023\/04\/zt23-2-20-e1682333069418-1024x648.jpg\" class=\"attachment-large size-large wp-image-20725\" alt=\"\" srcset=\"https:\/\/ht-ost.com\/wp-content\/uploads\/2023\/04\/zt23-2-20-e1682333069418-1024x648.jpg 1024w, https:\/\/ht-ost.com\/wp-content\/uploads\/2023\/04\/zt23-2-20-e1682333069418-300x190.jpg 300w, https:\/\/ht-ost.com\/wp-content\/uploads\/2023\/04\/zt23-2-20-e1682333069418-768x486.jpg 768w, https:\/\/ht-ost.com\/wp-content\/uploads\/2023\/04\/zt23-2-20-e1682333069418-1536x971.jpg 1536w, https:\/\/ht-ost.com\/wp-content\/uploads\/2023\/04\/zt23-2-20-e1682333069418-2048x1295.jpg 2048w\" sizes=\"(max-width: 1024px) 100vw, 1024px\" \/><\/div><div class=\"uael-grid-img-overlay\"><\/div><\/figure><\/div><\/div><\/div><\/div>\t\t\t\t<\/div>\n\t\t\t\t<\/div>\n\t\t\t\t<div class=\"elementor-element elementor-element-b6a9a8d elementor-widget elementor-widget-text-editor\" data-id=\"b6a9a8d\" data-element_type=\"widget\" data-e-type=\"widget\" data-widget_type=\"text-editor.default\">\n\t\t\t\t<div class=\"elementor-widget-container\">\n\t\t\t\t\t\t\t\t\t<p><b>Weitere Aktivit\u00e4ten der jungen Gemeinde<br \/><\/b>Jeden Sonntag finden auch Gottesdienste statt. <br \/>Die Mitarbeiter treffen sich regelm\u00e4\u00dfig, um f\u00fcr die N\u00f6te der Menschen, f\u00fcr die Stadt, f\u00fcr das Land und f\u00fcr Kraft im Dienst zu beten. <br \/>Zusammen mit einer anderen Organisation soll zuk\u00fcnftig auch medizinische Hilfe angeboten werden.<\/p><p><b>Wie kann man helfen?<\/b><br \/>F\u00fcr uns ist dieses neue Gemeindegr\u00fcndungsprojekt ein weiterer gro\u00dfer Glaubensschritt, denn die Herausforderungen sind gro\u00df: <br \/>So m\u00fcssen die Kosten f\u00fcr Miete, Nebenkosten und Umbauarbeiten gedeckt und zudem auch mehr Mitarbeiter gefunden werden.<br \/>Bitte betet f\u00fcr diesen wertvollen Dienst! Wir sind auch sehr dankbar f\u00fcr jede Spende.<\/p>\t\t\t\t\t\t\t\t<\/div>\n\t\t\t\t<\/div>\n\t\t\t\t\t<\/div>\n\t\t<\/div>\n\t\t\t\t\t<\/div>\n\t\t<\/section>\n\t\t\t\t<section class=\"elementor-section elementor-top-section elementor-element elementor-element-d92d180 elementor-section-boxed elementor-section-height-default elementor-section-height-default\" data-id=\"d92d180\" data-element_type=\"section\" data-e-type=\"section\">\n\t\t\t\t\t\t<div class=\"elementor-container elementor-column-gap-default\">\n\t\t\t\t\t<div class=\"elementor-column elementor-col-100 elementor-top-column elementor-element elementor-element-281fcd3\" data-id=\"281fcd3\" data-element_type=\"column\" data-e-type=\"column\">\n\t\t\t<div class=\"elementor-widget-wrap elementor-element-populated\">\n\t\t\t\t\t\t<div class=\"elementor-element elementor-element-57c9dff elementor-widget elementor-widget-spacer\" data-id=\"57c9dff\" data-element_type=\"widget\" data-e-type=\"widget\" data-widget_type=\"spacer.default\">\n\t\t\t\t<div class=\"elementor-widget-container\">\n\t\t\t\t\t\t\t<div class=\"elementor-spacer\">\n\t\t\t<div class=\"elementor-spacer-inner\"><\/div>\n\t\t<\/div>\n\t\t\t\t\t\t<\/div>\n\t\t\t\t<\/div>\n\t\t\t\t<div class=\"elementor-element elementor-element-0cfd0d3 elementor-widget elementor-widget-heading\" data-id=\"0cfd0d3\" data-element_type=\"widget\" data-e-type=\"widget\" data-widget_type=\"heading.default\">\n\t\t\t\t<div class=\"elementor-widget-container\">\n\t\t\t\t\t<h2 class=\"elementor-heading-title elementor-size-default\">Zeitschrift 2023 Nr.2<\/h2>\t\t\t\t<\/div>\n\t\t\t\t<\/div>\n\t\t\t\t<div class=\"elementor-element elementor-element-bd0650d elementor-widget-divider--view-line elementor-widget elementor-widget-divider\" data-id=\"bd0650d\" data-element_type=\"widget\" data-e-type=\"widget\" data-widget_type=\"divider.default\">\n\t\t\t\t<div class=\"elementor-widget-container\">\n\t\t\t\t\t\t\t<div class=\"elementor-divider\">\n\t\t\t<span class=\"elementor-divider-separator\">\n\t\t\t\t\t\t<\/span>\n\t\t<\/div>\n\t\t\t\t\t\t<\/div>\n\t\t\t\t<\/div>\n\t\t\t\t<div class=\"elementor-element elementor-element-126d80d uael-posts-thumbnail-ratio uael-post__arrow-outside elementor-widget elementor-widget-uael-posts\" data-id=\"126d80d\" data-element_type=\"widget\" data-e-type=\"widget\" data-settings=\"{&quot;classic_slides_to_show&quot;:3,&quot;classic_slides_to_show_tablet&quot;:2,&quot;classic_slides_to_show_mobile&quot;:1}\" data-widget_type=\"uael-posts.classic\">\n\t\t\t\t<div class=\"elementor-widget-container\">\n\t\t\t\t\t\t\t<div class=\"uael-post__header\">\n\t\t\t\t\t<\/div>\n\t\t<div class=\"uael-post__body\">\n\t\t\t\n\t\t\n\t\t<div class=\"uael-blog-terms-position-above_content uael-post-image-top uael-post-grid uael-posts\" data-query-type=\"custom\" data-structure=\"carousel\" data-layout=\"\" data-page=\"20876\" data-skin=\"classic\" data-filter-default=\"\" data-offset-top=\"30\" data-post_slider=\"{&quot;slidesToShow&quot;:3,&quot;slidesToScroll&quot;:2,&quot;autoplaySpeed&quot;:5000,&quot;autoplay&quot;:false,&quot;infinite&quot;:false,&quot;pauseOnHover&quot;:false,&quot;speed&quot;:800,&quot;arrows&quot;:true,&quot;dots&quot;:true,&quot;rtl&quot;:false,&quot;prevArrow&quot;:&quot;&lt;button type=\\&quot;button\\&quot; data-role=\\&quot;none\\&quot; class=\\&quot;slick-prev\\&quot; aria-label=\\&quot;Previous\\&quot; tabindex=\\&quot;0\\&quot; role=\\&quot;button\\&quot;&gt;&lt;i class=\\&quot;fa fa-angle-left\\&quot;&gt;&lt;\\\/i&gt;&lt;\\\/button&gt;&quot;,&quot;nextArrow&quot;:&quot;&lt;button type=\\&quot;button\\&quot; data-role=\\&quot;none\\&quot; class=\\&quot;slick-next\\&quot; aria-label=\\&quot;Next\\&quot; tabindex=\\&quot;0\\&quot; role=\\&quot;button\\&quot;&gt;&lt;i class=\\&quot;fa fa-angle-right\\&quot;&gt;&lt;\\\/i&gt;&lt;\\\/button&gt;&quot;,&quot;responsive&quot;:[{&quot;breakpoint&quot;:1024,&quot;settings&quot;:{&quot;slidesToShow&quot;:2,&quot;slidesToScroll&quot;:1}},{&quot;breakpoint&quot;:767,&quot;settings&quot;:{&quot;slidesToShow&quot;:1,&quot;slidesToScroll&quot;:1}}]}\" data-equal-height=\"yes\" data-post-count=\"6\">\n\n\t\t\t\t\t\t\t<div class=\"uael-post-grid__inner uael-post__columns-3 uael-post__columns-tablet-2 uael-post__columns-mobile-1\">\n\t\t\t\n<div class=\"uael-post-wrapper   editorial \">\n\t<div class=\"uael-post__bg-wrap uael-bg-wrap-disabled \">\n\n\t\t\t\t\n\t\t<div class=\"uael-post__inner-wrap uael-inner-wrap-disabled\">\n\n\t\t\t\t<div class=\"uael-post__thumbnail\">\n\t\t\t\n\t\t\t<a href=\"https:\/\/ht-ost.com\/de\/zeit-zur-orientierung\/\" target=\"_self\" title=\"Zeit zur Orientierung\"><img loading=\"lazy\" decoding=\"async\" width=\"768\" height=\"512\" src=\"https:\/\/ht-ost.com\/wp-content\/uploads\/2023\/04\/zt23-2_cover-2-768x512.jpg\" class=\"attachment-medium_large size-medium_large wp-image-20618\" alt=\"\" srcset=\"https:\/\/ht-ost.com\/wp-content\/uploads\/2023\/04\/zt23-2_cover-2-768x512.jpg 768w, https:\/\/ht-ost.com\/wp-content\/uploads\/2023\/04\/zt23-2_cover-2-300x200.jpg 300w, https:\/\/ht-ost.com\/wp-content\/uploads\/2023\/04\/zt23-2_cover-2-1024x683.jpg 1024w, https:\/\/ht-ost.com\/wp-content\/uploads\/2023\/04\/zt23-2_cover-2-1536x1024.jpg 1536w, https:\/\/ht-ost.com\/wp-content\/uploads\/2023\/04\/zt23-2_cover-2.jpg 1920w\" sizes=\"(max-width: 768px) 100vw, 768px\" \/><\/a>\n\t\t\t\t\t<\/div>\n\t\t\n\t\t\t\n\t\t\t<div class=\"uael-post__content-wrap uael-content-wrap-disabled\">\n\t\t\t\t\t\t\t<div class=\"uael-post__terms-wrap\"><span class=\"uael-post__terms\"><span class=\"uael-listing__terms-link\">Editorial<\/span><\/span><\/div>\n\t\t\t\t\t\t<h4 class=\"uael-post__title\">\n\n\t\t\n\t\t\t\t\t\t<a href=\"https:\/\/ht-ost.com\/de\/zeit-zur-orientierung\/\" target=\"_self\">\n\t\t\t\tZeit zur Orientierung\t\t\t<\/a>\n\n\t\t\t\t<\/h4>\n\t\t\t\t\t<div class=\"uael-post__meta-data\">\n\t\t\t\t\t<span class=\"uael-post__date\">\n\t\t\t\t\t\t\t\t\t\t\t\t\t<i aria-hidden=\"true\" class=\"fa fa-calendar\"><\/i>\t\t\t\t\t\t\t\t\t\n\t\t\t25. April 2023\t\t<\/span>\n\t\t\t\t<\/div>\n\t\t\n\t\t<div class=\"uael-post__excerpt\">\n\t\t\tLiebe Missionsfreunde, der Herr will zu uns reden und uns seine F\u00fchrung schenken. Diese Zeit der Orientierung mit unserem Herrn ist sehr angefochten, wenn die ...\t\t<\/div>\n\n\t\t\t\t\t<a class=\"uael-post__read-more elementor-button\" href=\"https:\/\/ht-ost.com\/de\/zeit-zur-orientierung\/\" target=\"_self\" aria-labelledby=\"uael-post-20587\">\n\t\t\t\t\t<span class=\"elementor-button-content-wrapper\">\n\t\t\t\t\t\t\t\t\t\t\t\t\t\t<span class=\"elementor-button-icon elementor-align-icon-right\">\n\n\t\t\t\t\t\t\t\t\t<i aria-hidden=\"true\" class=\"fas fa-angle-right\"><\/i>\n\t\t\t\t\t\t\t\t<\/span>\n\t\t\t\t\t\t\t\t\t\t\t\t\t\n\t\t\t\t\t\t<span class=\"elementor-button-text\" id=uael-post-20587>Weiterlesen<\/span>\n\t\t\t\t\t<\/span>\n\t\t\t\t<\/a>\n\t\t\t\t\t\t<\/div>\n\t\t\t\n\t\t<\/div>\n\t\t\n\t<\/div>\n\n<\/div>\n\n<div class=\"uael-post-wrapper   fl\u00fcchtlingshilfe krieg-in-der-ukraine \">\n\t<div class=\"uael-post__bg-wrap uael-bg-wrap-disabled \">\n\n\t\t\t\t\n\t\t<div class=\"uael-post__inner-wrap uael-inner-wrap-disabled\">\n\n\t\t\t\t<div class=\"uael-post__thumbnail\">\n\t\t\t\n\t\t\t<a href=\"https:\/\/ht-ost.com\/de\/hilfsguetersammlungen\/\" target=\"_self\" title=\"Hilfsg\u00fctersammlungen\"><img loading=\"lazy\" decoding=\"async\" width=\"750\" height=\"499\" src=\"https:\/\/ht-ost.com\/wp-content\/uploads\/2023\/04\/20230424002_beitragsbild_md-ua.jpg\" class=\"attachment-medium_large size-medium_large wp-image-20613\" alt=\"\" srcset=\"https:\/\/ht-ost.com\/wp-content\/uploads\/2023\/04\/20230424002_beitragsbild_md-ua.jpg 750w, https:\/\/ht-ost.com\/wp-content\/uploads\/2023\/04\/20230424002_beitragsbild_md-ua-300x200.jpg 300w\" sizes=\"(max-width: 750px) 100vw, 750px\" \/><\/a>\n\t\t\t\t\t<\/div>\n\t\t\n\t\t\t\n\t\t\t<div class=\"uael-post__content-wrap uael-content-wrap-disabled\">\n\t\t\t\t\t\t\t<div class=\"uael-post__terms-wrap\"><span class=\"uael-post__terms\"><span class=\"uael-listing__terms-link\">Fl\u00fcchtlingshilfe<\/span><\/span><\/div>\n\t\t\t\t\t\t<h4 class=\"uael-post__title\">\n\n\t\t\n\t\t\t\t\t\t<a href=\"https:\/\/ht-ost.com\/de\/hilfsguetersammlungen\/\" target=\"_self\">\n\t\t\t\tHilfsg\u00fctersammlungen\t\t\t<\/a>\n\n\t\t\t\t<\/h4>\n\t\t\t\t\t<div class=\"uael-post__meta-data\">\n\t\t\t\t\t<span class=\"uael-post__date\">\n\t\t\t\t\t\t\t\t\t\t\t\t\t<i aria-hidden=\"true\" class=\"fa fa-calendar\"><\/i>\t\t\t\t\t\t\t\t\t\n\t\t\t25. April 2023\t\t<\/span>\n\t\t\t\t<\/div>\n\t\t\n\t\t<div class=\"uael-post__excerpt\">\n\t\t\tDa sich die Lebenssituation vieler Menschen in Moldawien und der Ukraine in den letzten Jahren auf Grund von Krieg und wirtschaftlichem Verfall auf dramatische Weise ...\t\t<\/div>\n\n\t\t\t\t\t<a class=\"uael-post__read-more elementor-button\" href=\"https:\/\/ht-ost.com\/de\/hilfsguetersammlungen\/\" target=\"_self\" aria-labelledby=\"uael-post-20889\">\n\t\t\t\t\t<span class=\"elementor-button-content-wrapper\">\n\t\t\t\t\t\t\t\t\t\t\t\t\t\t<span class=\"elementor-button-icon elementor-align-icon-right\">\n\n\t\t\t\t\t\t\t\t\t<i aria-hidden=\"true\" class=\"fas fa-angle-right\"><\/i>\n\t\t\t\t\t\t\t\t<\/span>\n\t\t\t\t\t\t\t\t\t\t\t\t\t\n\t\t\t\t\t\t<span class=\"elementor-button-text\" id=uael-post-20889>Weiterlesen<\/span>\n\t\t\t\t\t<\/span>\n\t\t\t\t<\/a>\n\t\t\t\t\t\t<\/div>\n\t\t\t\n\t\t<\/div>\n\t\t\n\t<\/div>\n\n<\/div>\n\n<div class=\"uael-post-wrapper   kinderfreizeiten \">\n\t<div class=\"uael-post__bg-wrap uael-bg-wrap-disabled \">\n\n\t\t\t\t\n\t\t<div class=\"uael-post__inner-wrap uael-inner-wrap-disabled\">\n\n\t\t\t\t<div class=\"uael-post__thumbnail\">\n\t\t\t\n\t\t\t<a href=\"https:\/\/ht-ost.com\/de\/erholung-in-turbulenten-zeiten\/\" target=\"_self\" title=\"Erholung in turbulenten Zeiten\"><img loading=\"lazy\" decoding=\"async\" width=\"750\" height=\"500\" src=\"https:\/\/ht-ost.com\/wp-content\/uploads\/2023\/04\/20230424001_beitragsbild_md-ua.jpg\" class=\"attachment-medium_large size-medium_large wp-image-20593\" alt=\"\" srcset=\"https:\/\/ht-ost.com\/wp-content\/uploads\/2023\/04\/20230424001_beitragsbild_md-ua.jpg 750w, https:\/\/ht-ost.com\/wp-content\/uploads\/2023\/04\/20230424001_beitragsbild_md-ua-300x200.jpg 300w\" sizes=\"(max-width: 750px) 100vw, 750px\" \/><\/a>\n\t\t\t\t\t<\/div>\n\t\t\n\t\t\t\n\t\t\t<div class=\"uael-post__content-wrap uael-content-wrap-disabled\">\n\t\t\t\t\t\t\t<div class=\"uael-post__terms-wrap\"><span class=\"uael-post__terms\"><span class=\"uael-listing__terms-link\">Kinderfreizeiten<\/span><\/span><\/div>\n\t\t\t\t\t\t<h4 class=\"uael-post__title\">\n\n\t\t\n\t\t\t\t\t\t<a href=\"https:\/\/ht-ost.com\/de\/erholung-in-turbulenten-zeiten\/\" target=\"_self\">\n\t\t\t\tErholung in turbulenten Zeiten\t\t\t<\/a>\n\n\t\t\t\t<\/h4>\n\t\t\t\t\t<div class=\"uael-post__meta-data\">\n\t\t\t\t\t<span class=\"uael-post__date\">\n\t\t\t\t\t\t\t\t\t\t\t\t\t<i aria-hidden=\"true\" class=\"fa fa-calendar\"><\/i>\t\t\t\t\t\t\t\t\t\n\t\t\t23. April 2023\t\t<\/span>\n\t\t\t\t<\/div>\n\t\t\n\t\t<div class=\"uael-post__excerpt\">\n\t\t\tDas gro\u00dfe Leid der Kinder F\u00fcr Kinder und Jugendliche sind in der Ukraine wie auch in Moldawien schwere Zeiten angebrochen. Erst die Corona-Pandemie und dann ...\t\t<\/div>\n\n\t\t\t\t\t<a class=\"uael-post__read-more elementor-button\" href=\"https:\/\/ht-ost.com\/de\/erholung-in-turbulenten-zeiten\/\" target=\"_self\" aria-labelledby=\"uael-post-20902\">\n\t\t\t\t\t<span class=\"elementor-button-content-wrapper\">\n\t\t\t\t\t\t\t\t\t\t\t\t\t\t<span class=\"elementor-button-icon elementor-align-icon-right\">\n\n\t\t\t\t\t\t\t\t\t<i aria-hidden=\"true\" class=\"fas fa-angle-right\"><\/i>\n\t\t\t\t\t\t\t\t<\/span>\n\t\t\t\t\t\t\t\t\t\t\t\t\t\n\t\t\t\t\t\t<span class=\"elementor-button-text\" id=uael-post-20902>Weiterlesen<\/span>\n\t\t\t\t\t<\/span>\n\t\t\t\t<\/a>\n\t\t\t\t\t\t<\/div>\n\t\t\t\n\t\t<\/div>\n\t\t\n\t<\/div>\n\n<\/div>\n\n<div class=\"uael-post-wrapper   evangelisation missionare \">\n\t<div class=\"uael-post__bg-wrap uael-bg-wrap-disabled \">\n\n\t\t\t\t\n\t\t<div class=\"uael-post__inner-wrap uael-inner-wrap-disabled\">\n\n\t\t\t\t<div class=\"uael-post__thumbnail\">\n\t\t\t\n\t\t\t<a href=\"https:\/\/ht-ost.com\/de\/neue-gemeinde-in-criuleni\/\" target=\"_self\" title=\"Neue gemeinde in Criuleni\"><img loading=\"lazy\" decoding=\"async\" width=\"750\" height=\"500\" src=\"https:\/\/ht-ost.com\/wp-content\/uploads\/2023\/04\/20230424001_beitragsbild_md.jpg\" class=\"attachment-medium_large size-medium_large wp-image-20588\" alt=\"\" srcset=\"https:\/\/ht-ost.com\/wp-content\/uploads\/2023\/04\/20230424001_beitragsbild_md.jpg 750w, https:\/\/ht-ost.com\/wp-content\/uploads\/2023\/04\/20230424001_beitragsbild_md-300x200.jpg 300w\" sizes=\"(max-width: 750px) 100vw, 750px\" \/><\/a>\n\t\t\t\t\t<\/div>\n\t\t\n\t\t\t\n\t\t\t<div class=\"uael-post__content-wrap uael-content-wrap-disabled\">\n\t\t\t\t\t\t\t<div class=\"uael-post__terms-wrap\"><span class=\"uael-post__terms\"><span class=\"uael-listing__terms-link\">Evangelisation<\/span><\/span><\/div>\n\t\t\t\t\t\t<h4 class=\"uael-post__title\">\n\n\t\t\n\t\t\t\t\t\t<a href=\"https:\/\/ht-ost.com\/de\/neue-gemeinde-in-criuleni\/\" target=\"_self\">\n\t\t\t\tNeue gemeinde in Criuleni\t\t\t<\/a>\n\n\t\t\t\t<\/h4>\n\t\t\t\t\t<div class=\"uael-post__meta-data\">\n\t\t\t\t\t<span class=\"uael-post__date\">\n\t\t\t\t\t\t\t\t\t\t\t\t\t<i aria-hidden=\"true\" class=\"fa fa-calendar\"><\/i>\t\t\t\t\t\t\t\t\t\n\t\t\t22. April 2023\t\t<\/span>\n\t\t\t\t<\/div>\n\t\t\n\t\t<div class=\"uael-post__excerpt\">\n\t\t\t\u201eEine T\u00fcr hat sich mir aufgetan, weit und vielversprechend\u201c 1. Korinther 16,9 Im Jahr 2022 durften wir eine neue Missionarsfamilie im Dienst von Hoffnungstr\u00e4ger Ost ...\t\t<\/div>\n\n\t\t\t\t\t<a class=\"uael-post__read-more elementor-button\" href=\"https:\/\/ht-ost.com\/de\/neue-gemeinde-in-criuleni\/\" target=\"_self\" aria-labelledby=\"uael-post-20859\">\n\t\t\t\t\t<span class=\"elementor-button-content-wrapper\">\n\t\t\t\t\t\t\t\t\t\t\t\t\t\t<span class=\"elementor-button-icon elementor-align-icon-right\">\n\n\t\t\t\t\t\t\t\t\t<i aria-hidden=\"true\" class=\"fas fa-angle-right\"><\/i>\n\t\t\t\t\t\t\t\t<\/span>\n\t\t\t\t\t\t\t\t\t\t\t\t\t\n\t\t\t\t\t\t<span class=\"elementor-button-text\" id=uael-post-20859>Weiterlesen<\/span>\n\t\t\t\t\t<\/span>\n\t\t\t\t<\/a>\n\t\t\t\t\t\t<\/div>\n\t\t\t\n\t\t<\/div>\n\t\t\n\t<\/div>\n\n<\/div>\n\n<div class=\"uael-post-wrapper   evangelisation fl\u00fcchtlingshilfe missionare \">\n\t<div class=\"uael-post__bg-wrap uael-bg-wrap-disabled \">\n\n\t\t\t\t\n\t\t<div class=\"uael-post__inner-wrap uael-inner-wrap-disabled\">\n\n\t\t\t\t<div class=\"uael-post__thumbnail\">\n\t\t\t\n\t\t\t<a href=\"https:\/\/ht-ost.com\/de\/geistlicher-aufbruch\/\" target=\"_self\" title=\"Geistlicher Aufbruch\"><img loading=\"lazy\" decoding=\"async\" width=\"750\" height=\"500\" src=\"https:\/\/ht-ost.com\/wp-content\/uploads\/2023\/04\/20230424001_beitragsbild_ua.jpg\" class=\"attachment-medium_large size-medium_large wp-image-20598\" alt=\"\" srcset=\"https:\/\/ht-ost.com\/wp-content\/uploads\/2023\/04\/20230424001_beitragsbild_ua.jpg 750w, https:\/\/ht-ost.com\/wp-content\/uploads\/2023\/04\/20230424001_beitragsbild_ua-300x200.jpg 300w\" sizes=\"(max-width: 750px) 100vw, 750px\" \/><\/a>\n\t\t\t\t\t<\/div>\n\t\t\n\t\t\t\n\t\t\t<div class=\"uael-post__content-wrap uael-content-wrap-disabled\">\n\t\t\t\t\t\t\t<div class=\"uael-post__terms-wrap\"><span class=\"uael-post__terms\"><span class=\"uael-listing__terms-link\">Evangelisation<\/span><\/span><\/div>\n\t\t\t\t\t\t<h4 class=\"uael-post__title\">\n\n\t\t\n\t\t\t\t\t\t<a href=\"https:\/\/ht-ost.com\/de\/geistlicher-aufbruch\/\" target=\"_self\">\n\t\t\t\tGeistlicher Aufbruch\t\t\t<\/a>\n\n\t\t\t\t<\/h4>\n\t\t\t\t\t<div class=\"uael-post__meta-data\">\n\t\t\t\t\t<span class=\"uael-post__date\">\n\t\t\t\t\t\t\t\t\t\t\t\t\t<i aria-hidden=\"true\" class=\"fa fa-calendar\"><\/i>\t\t\t\t\t\t\t\t\t\n\t\t\t20. April 2023\t\t<\/span>\n\t\t\t\t<\/div>\n\t\t\n\t\t<div class=\"uael-post__excerpt\">\n\t\t\tLemberg \u2013 eine Stadt im Ausnahmezustand 300.000 Fl\u00fcchtlinge haben das Leben der Stadt Lemberg v\u00f6llig ver\u00e4ndert: \u00dcberwiegend sind es Frauen mit Kindern, die Zuflucht in ...\t\t<\/div>\n\n\t\t\t\t\t<a class=\"uael-post__read-more elementor-button\" href=\"https:\/\/ht-ost.com\/de\/geistlicher-aufbruch\/\" target=\"_self\" aria-labelledby=\"uael-post-20876\">\n\t\t\t\t\t<span class=\"elementor-button-content-wrapper\">\n\t\t\t\t\t\t\t\t\t\t\t\t\t\t<span class=\"elementor-button-icon elementor-align-icon-right\">\n\n\t\t\t\t\t\t\t\t\t<i aria-hidden=\"true\" class=\"fas fa-angle-right\"><\/i>\n\t\t\t\t\t\t\t\t<\/span>\n\t\t\t\t\t\t\t\t\t\t\t\t\t\n\t\t\t\t\t\t<span class=\"elementor-button-text\" id=uael-post-20876>Weiterlesen<\/span>\n\t\t\t\t\t<\/span>\n\t\t\t\t<\/a>\n\t\t\t\t\t\t<\/div>\n\t\t\t\n\t\t<\/div>\n\t\t\n\t<\/div>\n\n<\/div>\n\n<div class=\"uael-post-wrapper   evangelisation fl\u00fcchtlingshilfe missionare \">\n\t<div class=\"uael-post__bg-wrap uael-bg-wrap-disabled \">\n\n\t\t\t\t\n\t\t<div class=\"uael-post__inner-wrap uael-inner-wrap-disabled\">\n\n\t\t\t\t<div class=\"uael-post__thumbnail\">\n\t\t\t\n\t\t\t<a href=\"https:\/\/ht-ost.com\/de\/stefan-voda\/\" target=\"_self\" title=\"Stefan Voda\"><img loading=\"lazy\" decoding=\"async\" width=\"750\" height=\"500\" src=\"https:\/\/ht-ost.com\/wp-content\/uploads\/2023\/04\/20230424002_beitragsbild_md.jpg\" class=\"attachment-medium_large size-medium_large wp-image-20608\" alt=\"\" srcset=\"https:\/\/ht-ost.com\/wp-content\/uploads\/2023\/04\/20230424002_beitragsbild_md.jpg 750w, https:\/\/ht-ost.com\/wp-content\/uploads\/2023\/04\/20230424002_beitragsbild_md-300x200.jpg 300w\" sizes=\"(max-width: 750px) 100vw, 750px\" \/><\/a>\n\t\t\t\t\t<\/div>\n\t\t\n\t\t\t\n\t\t\t<div class=\"uael-post__content-wrap uael-content-wrap-disabled\">\n\t\t\t\t\t\t\t<div class=\"uael-post__terms-wrap\"><span class=\"uael-post__terms\"><span class=\"uael-listing__terms-link\">Evangelisation<\/span><\/span><\/div>\n\t\t\t\t\t\t<h4 class=\"uael-post__title\">\n\n\t\t\n\t\t\t\t\t\t<a href=\"https:\/\/ht-ost.com\/de\/stefan-voda\/\" target=\"_self\">\n\t\t\t\tStefan Voda\t\t\t<\/a>\n\n\t\t\t\t<\/h4>\n\t\t\t\t\t<div class=\"uael-post__meta-data\">\n\t\t\t\t\t<span class=\"uael-post__date\">\n\t\t\t\t\t\t\t\t\t\t\t\t\t<i aria-hidden=\"true\" class=\"fa fa-calendar\"><\/i>\t\t\t\t\t\t\t\t\t\n\t\t\t17. April 2023\t\t<\/span>\n\t\t\t\t<\/div>\n\t\t\n\t\t<div class=\"uael-post__excerpt\">\n\t\t\tStefan Voda ist eine Kleinstadt tief im S\u00fcden Moldawiens, die gerade mal 40 km von der ukrainischen Grenze entfernt ist. Vor 3 Jahren wurde das ...\t\t<\/div>\n\n\t\t\t\t\t<a class=\"uael-post__read-more elementor-button\" href=\"https:\/\/ht-ost.com\/de\/stefan-voda\/\" target=\"_self\" aria-labelledby=\"uael-post-20633\">\n\t\t\t\t\t<span class=\"elementor-button-content-wrapper\">\n\t\t\t\t\t\t\t\t\t\t\t\t\t\t<span class=\"elementor-button-icon elementor-align-icon-right\">\n\n\t\t\t\t\t\t\t\t\t<i aria-hidden=\"true\" class=\"fas fa-angle-right\"><\/i>\n\t\t\t\t\t\t\t\t<\/span>\n\t\t\t\t\t\t\t\t\t\t\t\t\t\n\t\t\t\t\t\t<span class=\"elementor-button-text\" id=uael-post-20633>Weiterlesen<\/span>\n\t\t\t\t\t<\/span>\n\t\t\t\t<\/a>\n\t\t\t\t\t\t<\/div>\n\t\t\t\n\t\t<\/div>\n\t\t\n\t<\/div>\n\n<\/div>\n\t\t\t\t<\/div>\n\t\t\t\t\t\t\n\t\t<\/div>\n\n\t\t\t\t\t\t<\/div>\n\t\t<div class=\"uael-post__footer\">\n\t\t\t\t\t<\/div>\n\t\t\t\t\t\t<\/div>\n\t\t\t\t<\/div>\n\t\t\t\t\t<\/div>\n\t\t<\/div>\n\t\t\t\t\t<\/div>\n\t\t<\/section>\n\t\t\t\t<\/div>\n\t\t","protected":false},"excerpt":{"rendered":"<p>Lemberg \u2013 eine Stadt im Ausnahmezustand 300.000 Fl\u00fcchtlinge haben das Leben der Stadt Lemberg v\u00f6llig ver\u00e4ndert: \u00dcberwiegend sind es Frauen mit Kindern, die Zuflucht in der Stadt suchen. Ihre M\u00e4nner sind an der Front oder harren in in der Ostukraine [&hellip;]<\/p>\n","protected":false},"author":1,"featured_media":20598,"comment_status":"closed","ping_status":"closed","sticky":false,"template":"","format":"standard","meta":{"site-sidebar-layout":"default","site-content-layout":"","ast-site-content-layout":"default","site-content-style":"default","site-sidebar-style":"default","ast-global-header-display":"","ast-banner-title-visibility":"","ast-main-header-display":"","ast-hfb-above-header-display":"","ast-hfb-below-header-display":"","ast-hfb-mobile-header-display":"","site-post-title":"","ast-breadcrumbs-content":"","ast-featured-img":"","footer-sml-layout":"","ast-disable-related-posts":"","theme-transparent-header-meta":"disabled","adv-header-id-meta":"","stick-header-meta":"disabled","header-above-stick-meta":"","header-main-stick-meta":"","header-below-stick-meta":"","astra-migrate-meta-layouts":"default","ast-page-background-enabled":"default","ast-page-background-meta":{"desktop":{"background-color":"","background-image":"","background-repeat":"repeat","background-position":"center center","background-size":"auto","background-attachment":"scroll","background-type":"","background-media":"","overlay-type":"","overlay-color":"","overlay-opacity":"","overlay-gradient":""},"tablet":{"background-color":"","background-image":"","background-repeat":"repeat","background-position":"center center","background-size":"auto","background-attachment":"scroll","background-type":"","background-media":"","overlay-type":"","overlay-color":"","overlay-opacity":"","overlay-gradient":""},"mobile":{"background-color":"","background-image":"","background-repeat":"repeat","background-position":"center center","background-size":"auto","background-attachment":"scroll","background-type":"","background-media":"","overlay-type":"","overlay-color":"","overlay-opacity":"","overlay-gradient":""}},"ast-content-background-meta":{"desktop":{"background-color":"var(--ast-global-color-5)","background-image":"","background-repeat":"repeat","background-position":"center center","background-size":"auto","background-attachment":"scroll","background-type":"","background-media":"","overlay-type":"","overlay-color":"","overlay-opacity":"","overlay-gradient":""},"tablet":{"background-color":"var(--ast-global-color-5)","background-image":"","background-repeat":"repeat","background-position":"center center","background-size":"auto","background-attachment":"scroll","background-type":"","background-media":"","overlay-type":"","overlay-color":"","overlay-opacity":"","overlay-gradient":""},"mobile":{"background-color":"var(--ast-global-color-5)","background-image":"","background-repeat":"repeat","background-position":"center center","background-size":"auto","background-attachment":"scroll","background-type":"","background-media":"","overlay-type":"","overlay-color":"","overlay-opacity":"","overlay-gradient":""}},"footnotes":""},"categories":[19,98,64],"tags":[],"class_list":["post-20876","post","type-post","status-publish","format-standard","has-post-thumbnail","hentry","category-evangelisation","category-fluechtlingshilfe","category-missionare"],"_links":{"self":[{"href":"https:\/\/ht-ost.com\/de\/wp-json\/wp\/v2\/posts\/20876","targetHints":{"allow":["GET"]}}],"collection":[{"href":"https:\/\/ht-ost.com\/de\/wp-json\/wp\/v2\/posts"}],"about":[{"href":"https:\/\/ht-ost.com\/de\/wp-json\/wp\/v2\/types\/post"}],"author":[{"embeddable":true,"href":"https:\/\/ht-ost.com\/de\/wp-json\/wp\/v2\/users\/1"}],"replies":[{"embeddable":true,"href":"https:\/\/ht-ost.com\/de\/wp-json\/wp\/v2\/comments?post=20876"}],"version-history":[{"count":11,"href":"https:\/\/ht-ost.com\/de\/wp-json\/wp\/v2\/posts\/20876\/revisions"}],"predecessor-version":[{"id":20951,"href":"https:\/\/ht-ost.com\/de\/wp-json\/wp\/v2\/posts\/20876\/revisions\/20951"}],"wp:featuredmedia":[{"embeddable":true,"href":"https:\/\/ht-ost.com\/de\/wp-json\/wp\/v2\/media\/20598"}],"wp:attachment":[{"href":"https:\/\/ht-ost.com\/de\/wp-json\/wp\/v2\/media?parent=20876"}],"wp:term":[{"taxonomy":"category","embeddable":true,"href":"https:\/\/ht-ost.com\/de\/wp-json\/wp\/v2\/categories?post=20876"},{"taxonomy":"post_tag","embeddable":true,"href":"https:\/\/ht-ost.com\/de\/wp-json\/wp\/v2\/tags?post=20876"}],"curies":[{"name":"wp","href":"https:\/\/api.w.org\/{rel}","templated":true}]}}