{"id":2975,"date":"2020-01-04T12:24:00","date_gmt":"2020-01-04T11:24:00","guid":{"rendered":"https:\/\/ht-ost.com\/?p=2975"},"modified":"2020-04-02T08:14:35","modified_gmt":"2020-04-02T06:14:35","slug":"wpa-ukraine-tag-1","status":"publish","type":"post","link":"https:\/\/ht-ost.com\/de\/wpa-ukraine-tag-1\/","title":{"rendered":"Ukraine &#8211; Tag 1"},"content":{"rendered":"\t\t<div data-elementor-type=\"wp-post\" data-elementor-id=\"2975\" class=\"elementor elementor-2975\">\n\t\t\t\t\t\t<section class=\"elementor-section elementor-top-section elementor-element elementor-element-32c2684 elementor-section-full_width elementor-section-height-default elementor-section-height-default\" data-id=\"32c2684\" data-element_type=\"section\" data-e-type=\"section\">\n\t\t\t\t\t\t<div class=\"elementor-container elementor-column-gap-no\">\n\t\t\t\t\t<div class=\"elementor-column elementor-col-100 elementor-top-column elementor-element elementor-element-1650d53\" data-id=\"1650d53\" data-element_type=\"column\" data-e-type=\"column\">\n\t\t\t<div class=\"elementor-widget-wrap elementor-element-populated\">\n\t\t\t\t\t\t<div class=\"elementor-element elementor-element-b2af809 elementor-widget elementor-widget-text-editor\" data-id=\"b2af809\" data-element_type=\"widget\" data-e-type=\"widget\" data-widget_type=\"text-editor.default\">\n\t\t\t\t<div class=\"elementor-widget-container\">\n\t\t\t\t\t\t\t\t\tHeute gab es noch keine P\u00e4ckchen zum verteilen \u2013 daf\u00fcr aber ein weihnachtliches Festessen f\u00fcr benachteiligte Menschen.\nBereits am Vormittag fingen wir an, das Essen f\u00fcr die Suppenk\u00fcche vorzubereiten. In der gerade fertiggestellten neuen K\u00fcche war es eine Freude zu arbeiten.\nAm Nachmittag gab es dann ein tolles Weihnachtsessen f\u00fcr die 126 Menschen, die unter der Armutsgrenze und oft auch auf der Stra\u00dfe leben m\u00fcssen. Es waren so viele Leute da, dass einige vor der T\u00fcr warten mussten, bis die ersten fertig gegessen hatten.\n\t\t\t\t\t\t\t\t<\/div>\n\t\t\t\t<\/div>\n\t\t\t\t<div class=\"elementor-element elementor-element-233392c elementor-widget elementor-widget-image\" data-id=\"233392c\" data-element_type=\"widget\" data-e-type=\"widget\" data-widget_type=\"image.default\">\n\t\t\t\t<div class=\"elementor-widget-container\">\n\t\t\t\t\t\t\t\t\t\t\t\t\t\t\t<img fetchpriority=\"high\" decoding=\"async\" width=\"1024\" height=\"683\" src=\"https:\/\/ht-ost.com\/wp-content\/uploads\/2020\/04\/2020-01-04-WPA-Lemberg-Sa-85_1920px_web-1024x683.jpg\" class=\"attachment-large size-large wp-image-2985\" alt=\"\" srcset=\"https:\/\/ht-ost.com\/wp-content\/uploads\/2020\/04\/2020-01-04-WPA-Lemberg-Sa-85_1920px_web-1024x683.jpg 1024w, https:\/\/ht-ost.com\/wp-content\/uploads\/2020\/04\/2020-01-04-WPA-Lemberg-Sa-85_1920px_web-300x200.jpg 300w, https:\/\/ht-ost.com\/wp-content\/uploads\/2020\/04\/2020-01-04-WPA-Lemberg-Sa-85_1920px_web-768x512.jpg 768w, https:\/\/ht-ost.com\/wp-content\/uploads\/2020\/04\/2020-01-04-WPA-Lemberg-Sa-85_1920px_web.jpg 1200w\" sizes=\"(max-width: 1024px) 100vw, 1024px\" \/>\t\t\t\t\t\t\t\t\t\t\t\t\t\t\t<\/div>\n\t\t\t\t<\/div>\n\t\t\t\t<div class=\"elementor-element elementor-element-7db7c16 elementor-widget elementor-widget-text-editor\" data-id=\"7db7c16\" data-element_type=\"widget\" data-e-type=\"widget\" data-widget_type=\"text-editor.default\">\n\t\t\t\t<div class=\"elementor-widget-container\">\n\t\t\t\t\t\t\t\t\tDoch die Suppenk\u00fcche hier in Lemberg beinhaltet weit mehr, als nur das ausgeteilte Essen.\nEs geht auch um die Beziehung zu den Leuten und zu Gott. Jeder einzelne Mensch ist wertvoll! Die Mitarbeiter vor Ort kennen die Menschen, die kommen, und ihre Lebensumst\u00e4nde. Sie helfen ihnen, wo sie nur k\u00f6nnen und m\u00f6chten ihnen die Liebe Jesu weitergeben und ihnen Hoffnung schenken.\nEs war eine gegenseitige und gro\u00dfe Wertsch\u00e4tzung, die wir heute zusammen erleben durften.\nMorgen werden dann endlich die ersten P\u00e4ckchen verteilt!\nSch\u00f6n, dass Ihr zu Hause mit uns unterwegs seid!\n\t\t\t\t\t\t\t\t<\/div>\n\t\t\t\t<\/div>\n\t\t\t\t<div class=\"elementor-element elementor-element-1214667 elementor-widget elementor-widget-image\" data-id=\"1214667\" data-element_type=\"widget\" data-e-type=\"widget\" data-widget_type=\"image.default\">\n\t\t\t\t<div class=\"elementor-widget-container\">\n\t\t\t\t\t\t\t\t\t\t\t\t\t\t\t<img decoding=\"async\" width=\"1024\" height=\"683\" src=\"https:\/\/ht-ost.com\/wp-content\/uploads\/2020\/04\/2020-01-04-WPA-Lemberg-Sa-251_1920px_web-1024x683.jpg\" class=\"attachment-large size-large wp-image-2981\" alt=\"\" srcset=\"https:\/\/ht-ost.com\/wp-content\/uploads\/2020\/04\/2020-01-04-WPA-Lemberg-Sa-251_1920px_web-1024x683.jpg 1024w, https:\/\/ht-ost.com\/wp-content\/uploads\/2020\/04\/2020-01-04-WPA-Lemberg-Sa-251_1920px_web-300x200.jpg 300w, https:\/\/ht-ost.com\/wp-content\/uploads\/2020\/04\/2020-01-04-WPA-Lemberg-Sa-251_1920px_web-768x512.jpg 768w, https:\/\/ht-ost.com\/wp-content\/uploads\/2020\/04\/2020-01-04-WPA-Lemberg-Sa-251_1920px_web.jpg 1200w\" sizes=\"(max-width: 1024px) 100vw, 1024px\" \/>\t\t\t\t\t\t\t\t\t\t\t\t\t\t\t<\/div>\n\t\t\t\t<\/div>\n\t\t\t\t\t<\/div>\n\t\t<\/div>\n\t\t\t\t\t<\/div>\n\t\t<\/section>\n\t\t\t\t<section class=\"elementor-section elementor-top-section elementor-element elementor-element-afea31f elementor-section-boxed elementor-section-height-default elementor-section-height-default\" data-id=\"afea31f\" data-element_type=\"section\" data-e-type=\"section\">\n\t\t\t\t\t\t<div class=\"elementor-container elementor-column-gap-default\">\n\t\t\t\t\t<div class=\"elementor-column elementor-col-100 elementor-top-column elementor-element elementor-element-317f716\" data-id=\"317f716\" data-element_type=\"column\" data-e-type=\"column\">\n\t\t\t<div class=\"elementor-widget-wrap\">\n\t\t\t\t\t\t\t<\/div>\n\t\t<\/div>\n\t\t\t\t\t<\/div>\n\t\t<\/section>\n\t\t\t\t<\/div>\n\t\t","protected":false},"excerpt":{"rendered":"<p>Heute gab es noch keine P\u00e4ckchen zum verteilen \u2013 daf\u00fcr aber ein weihnachtliches Festessen f\u00fcr benachteiligte Menschen. Bereits am Vormittag fingen wir an, das Essen f\u00fcr die Suppenk\u00fcche vorzubereiten. In der gerade fertiggestellten neuen K\u00fcche war es eine Freude zu [&hellip;]<\/p>\n","protected":false},"author":1,"featured_media":2977,"comment_status":"closed","ping_status":"closed","sticky":false,"template":"","format":"standard","meta":{"site-sidebar-layout":"default","site-content-layout":"default","ast-site-content-layout":"default","site-content-style":"default","site-sidebar-style":"default","ast-global-header-display":"","ast-banner-title-visibility":"","ast-main-header-display":"","ast-hfb-above-header-display":"","ast-hfb-below-header-display":"","ast-hfb-mobile-header-display":"","site-post-title":"","ast-breadcrumbs-content":"","ast-featured-img":"","footer-sml-layout":"","ast-disable-related-posts":"","theme-transparent-header-meta":"disabled","adv-header-id-meta":"","stick-header-meta":"default","header-above-stick-meta":"","header-main-stick-meta":"","header-below-stick-meta":"","astra-migrate-meta-layouts":"default","ast-page-background-enabled":"default","ast-page-background-meta":{"desktop":{"background-color":"","background-image":"","background-repeat":"repeat","background-position":"center center","background-size":"auto","background-attachment":"scroll","background-type":"","background-media":"","overlay-type":"","overlay-color":"","overlay-opacity":"","overlay-gradient":""},"tablet":{"background-color":"","background-image":"","background-repeat":"repeat","background-position":"center center","background-size":"auto","background-attachment":"scroll","background-type":"","background-media":"","overlay-type":"","overlay-color":"","overlay-opacity":"","overlay-gradient":""},"mobile":{"background-color":"","background-image":"","background-repeat":"repeat","background-position":"center center","background-size":"auto","background-attachment":"scroll","background-type":"","background-media":"","overlay-type":"","overlay-color":"","overlay-opacity":"","overlay-gradient":""}},"ast-content-background-meta":{"desktop":{"background-color":"var(--ast-global-color-5)","background-image":"","background-repeat":"repeat","background-position":"center center","background-size":"auto","background-attachment":"scroll","background-type":"","background-media":"","overlay-type":"","overlay-color":"","overlay-opacity":"","overlay-gradient":""},"tablet":{"background-color":"var(--ast-global-color-5)","background-image":"","background-repeat":"repeat","background-position":"center center","background-size":"auto","background-attachment":"scroll","background-type":"","background-media":"","overlay-type":"","overlay-color":"","overlay-opacity":"","overlay-gradient":""},"mobile":{"background-color":"var(--ast-global-color-5)","background-image":"","background-repeat":"repeat","background-position":"center center","background-size":"auto","background-attachment":"scroll","background-type":"","background-media":"","overlay-type":"","overlay-color":"","overlay-opacity":"","overlay-gradient":""}},"footnotes":""},"categories":[18,17],"tags":[],"class_list":["post-2975","post","type-post","status-publish","format-standard","has-post-thumbnail","hentry","category-suppenkuechen","category-weihnachtpaeckchen"],"_links":{"self":[{"href":"https:\/\/ht-ost.com\/de\/wp-json\/wp\/v2\/posts\/2975","targetHints":{"allow":["GET"]}}],"collection":[{"href":"https:\/\/ht-ost.com\/de\/wp-json\/wp\/v2\/posts"}],"about":[{"href":"https:\/\/ht-ost.com\/de\/wp-json\/wp\/v2\/types\/post"}],"author":[{"embeddable":true,"href":"https:\/\/ht-ost.com\/de\/wp-json\/wp\/v2\/users\/1"}],"replies":[{"embeddable":true,"href":"https:\/\/ht-ost.com\/de\/wp-json\/wp\/v2\/comments?post=2975"}],"version-history":[{"count":8,"href":"https:\/\/ht-ost.com\/de\/wp-json\/wp\/v2\/posts\/2975\/revisions"}],"predecessor-version":[{"id":3132,"href":"https:\/\/ht-ost.com\/de\/wp-json\/wp\/v2\/posts\/2975\/revisions\/3132"}],"wp:featuredmedia":[{"embeddable":true,"href":"https:\/\/ht-ost.com\/de\/wp-json\/wp\/v2\/media\/2977"}],"wp:attachment":[{"href":"https:\/\/ht-ost.com\/de\/wp-json\/wp\/v2\/media?parent=2975"}],"wp:term":[{"taxonomy":"category","embeddable":true,"href":"https:\/\/ht-ost.com\/de\/wp-json\/wp\/v2\/categories?post=2975"},{"taxonomy":"post_tag","embeddable":true,"href":"https:\/\/ht-ost.com\/de\/wp-json\/wp\/v2\/tags?post=2975"}],"curies":[{"name":"wp","href":"https:\/\/api.w.org\/{rel}","templated":true}]}}